{"id":3593,"date":"2022-06-04T20:05:51","date_gmt":"2022-06-04T18:05:51","guid":{"rendered":"http:\/\/snasub-fsu-grenoble.fr\/?p=3593"},"modified":"2022-06-14T16:23:24","modified_gmt":"2022-06-14T14:23:24","slug":"greve-departementale-education-jeudi-9-juin","status":"publish","type":"post","link":"https:\/\/snasub-fsu-grenoble.fr\/?p=3593","title":{"rendered":"Gr\u00e8ve d\u00e9partementale \u00c9ducation : jeudi 9 Juin"},"content":{"rendered":"\n<div data-wp-interactive=\"core\/file\" class=\"wp-block-file\"><object data-wp-bind--hidden=\"!state.hasPdfPreview\" hidden class=\"wp-block-file__embed\" data=\"http:\/\/snasub-fsu-grenoble.fr\/wp-content\/uploads\/2022\/06\/Appel-AG-Education-a-la-greve-le-9-juin.pdf\" type=\"application\/pdf\" style=\"width:100%;height:600px\" aria-label=\"Contenu embarqu\u00e9 Contenu embarqu\u00e9 Appel-AG-Education-a-la-greve-le-9-juin..\"><\/object><a id=\"wp-block-file--media-7c9a2a68-a5c0-4b49-b7c8-24f264f8221d\" href=\"http:\/\/snasub-fsu-grenoble.fr\/wp-content\/uploads\/2022\/06\/Appel-AG-Education-a-la-greve-le-9-juin.pdf\">Appel-AG-Education-a-la-greve-le-9-juin<\/a><a href=\"http:\/\/snasub-fsu-grenoble.fr\/wp-content\/uploads\/2022\/06\/Appel-AG-Education-a-la-greve-le-9-juin.pdf\" class=\"wp-block-file__button\" download aria-describedby=\"wp-block-file--media-7c9a2a68-a5c0-4b49-b7c8-24f264f8221d\">T\u00e9l\u00e9charger<\/a><\/div>\n","protected":false},"excerpt":{"rendered":"","protected":false},"author":1,"featured_media":0,"comment_status":"closed","ping_status":"open","sticky":false,"template":"","format":"standard","meta":{"footnotes":""},"categories":[91],"tags":[],"class_list":["post-3593","post","type-post","status-publish","format-standard","hentry","category-mobilisations-manifestations"],"_links":{"self":[{"href":"https:\/\/snasub-fsu-grenoble.fr\/index.php?rest_route=\/wp\/v2\/posts\/3593","targetHints":{"allow":["GET"]}}],"collection":[{"href":"https:\/\/snasub-fsu-grenoble.fr\/index.php?rest_route=\/wp\/v2\/posts"}],"about":[{"href":"https:\/\/snasub-fsu-grenoble.fr\/index.php?rest_route=\/wp\/v2\/types\/post"}],"author":[{"embeddable":true,"href":"https:\/\/snasub-fsu-grenoble.fr\/index.php?rest_route=\/wp\/v2\/users\/1"}],"replies":[{"embeddable":true,"href":"https:\/\/snasub-fsu-grenoble.fr\/index.php?rest_route=%2Fwp%2Fv2%2Fcomments&post=3593"}],"version-history":[{"count":1,"href":"https:\/\/snasub-fsu-grenoble.fr\/index.php?rest_route=\/wp\/v2\/posts\/3593\/revisions"}],"predecessor-version":[{"id":3595,"href":"https:\/\/snasub-fsu-grenoble.fr\/index.php?rest_route=\/wp\/v2\/posts\/3593\/revisions\/3595"}],"wp:attachment":[{"href":"https:\/\/snasub-fsu-grenoble.fr\/index.php?rest_route=%2Fwp%2Fv2%2Fmedia&parent=3593"}],"wp:term":[{"taxonomy":"category","embeddable":true,"href":"https:\/\/snasub-fsu-grenoble.fr\/index.php?rest_route=%2Fwp%2Fv2%2Fcategories&post=3593"},{"taxonomy":"post_tag","embeddable":true,"href":"https:\/\/snasub-fsu-grenoble.fr\/index.php?rest_route=%2Fwp%2Fv2%2Ftags&post=3593"}],"curies":[{"name":"wp","href":"https:\/\/api.w.org\/{rel}","templated":true}]}}