{"id":3679,"date":"2022-06-09T13:52:46","date_gmt":"2022-06-09T11:52:46","guid":{"rendered":"http:\/\/snasub-fsu-grenoble.fr\/?p=3679"},"modified":"2022-06-09T13:52:47","modified_gmt":"2022-06-09T11:52:47","slug":"la-fsu-appelle-a-une-journee-nationale-daction-contre-la-precarite-dans-la-fonction-publique-le-25-mai-2","status":"publish","type":"post","link":"https:\/\/snasub-fsu-grenoble.fr\/?p=3679","title":{"rendered":"La FSU appelle \u00e0 une journ\u00e9e nationale d\u2019action contre la pr\u00e9carit\u00e9 dans la fonction publique le 25 mai"},"content":{"rendered":"<div class=\"wp-block-image\">\n<figure class=\"aligncenter size-full\"><img loading=\"lazy\" decoding=\"async\" width=\"800\" height=\"338\" src=\"http:\/\/snasub-fsu-grenoble.fr\/wp-content\/uploads\/2022\/06\/Capture-decran-2022-05-11-135113-800x338-1.png\" alt=\"\" class=\"wp-image-3680\" srcset=\"https:\/\/snasub-fsu-grenoble.fr\/wp-content\/uploads\/2022\/06\/Capture-decran-2022-05-11-135113-800x338-1.png 800w, https:\/\/snasub-fsu-grenoble.fr\/wp-content\/uploads\/2022\/06\/Capture-decran-2022-05-11-135113-800x338-1-300x127.png 300w, https:\/\/snasub-fsu-grenoble.fr\/wp-content\/uploads\/2022\/06\/Capture-decran-2022-05-11-135113-800x338-1-768x324.png 768w\" sizes=\"auto, (max-width: 800px) 100vw, 800px\" \/><\/figure>\n<\/div>\n\n\n<p><\/p>\n\n\n\n<p>La FSU poursuit sa lutte contre la pr\u00e9carit\u00e9 dans la Fonction publique. Aujourd\u2019hui, un\u00b7e agent\u00b7e sur cinq n\u2019est toujours pas titulaire : contractuel\u00b7les de droit public, de droit priv\u00e9 ou fonctionnaires \u00e0 temps incomplet dans le versant territorial, recrut\u00e9\u00b7es sur des fonctions normalement assur\u00e9es par des fonctionnaires ou sur des fonctions uniquement mises en \u0153uvre par le biais de contrat comme par exemple les AESH.<\/p>\n\n\n\n<p>Ce sont des personnes \u00e0 qui l\u2019administration impose des temps partiels et des salaires souvent plus faibles que ceux des fonctionnaires. Cette situation touche plus particuli\u00e8rement les femmes et les jeunes.<\/p>\n\n\n\n<p>C\u2019est pour d\u00e9noncer cette situation, revendiquer un plan de titularisation et de r\u00e9sorption de la pr\u00e9carit\u00e9 que la FSU rassemblera le 25 mai des d\u00e9l\u00e9gations d\u2019agent\u00b7es contractuel\u00b7les de tous les secteurs de la Fonction publique.<\/p>\n\n\n\n<p>Un rassemblement sera organis\u00e9 \u00e0 14 h (m\u00e9tro Solf\u00e9rino) auquel seront convi\u00e9\u00b7es des repr\u00e9sentant\u00b7es politiques pour \u00e9changer sur cette th\u00e9matique.<\/p>\n\n\n\n<p><strong>Concr\u00e8tement, cette journ\u00e9e s\u2019organise en deux temps<\/strong><\/p>\n\n\n\n<p>\u2013 Un temps de formation qui sera l\u2019occasion d\u2019\u00e9changer sur les cons\u00e9quences de la LTFP et des multiples d\u00e9rogations qu\u2019elle a ouvertes pour faciliter le recours \u00e0 l\u2019emploi contractuel en lieu et place de l\u2019affectation de titulaires, notamment sur la situation des personnels et des collectifs de travail. Il s\u2019agira donc aussi de regarder les \u00e9volutions des d\u00e9crets qui r\u00e9gissent les dispositions applicables aux coll\u00e8gues contractuel-les. Nous ferons le point sur les mesures interm\u00e9diaires \u00e0 d\u00e9fendre pour am\u00e9liorer les conditions d\u2019emploi, de travail et de r\u00e9mun\u00e9ration des agent-es sous contrats. Et nous aborderons la revendication de la FSU en mati\u00e8re de plans de titularisation et de modalit\u00e9s de leur mise en \u0153uvre \u00e0 la faveur des personnels.<br><strong>Inscriptions ici :<\/strong> <a href=\"https:\/\/formation.fsu.fr\/events\/detail\/NON+TITULAIRES++et+loi+TFP+-++Lutter+contre+la+pr%C3%A9carit%C3%A9\">https:\/\/formation.fsu.fr\/events\/detail\/NON+TITULAIRES++et+loi+TFP+-++Lutter+contre+la+pr%C3%A9carit%C3%A9<\/a><\/p>\n\n\n\n<p>\u2013 Un temps d\u2019action sous la forme d\u2019un rassemblement pour exprimer nos revendications \u00e0 14h place Bainville, depuis le refus de la pr\u00e9carit\u00e9, en passant par la reconnaissance de notre travail, des conditions de recrutement et d\u2019\u00e9volutions professionnelles, jusqu\u2019\u00e0 l\u2019exigence de la titularisation. Nous contactons les partis politiques pour qu\u2019ils viennent s\u2019exprimer lors de ce rassemblement afin que nous connaissions leurs programmes concernant cette question<\/p>\n","protected":false},"excerpt":{"rendered":"<p>La FSU poursuit sa lutte contre la pr\u00e9carit\u00e9 dans la Fonction publique. Aujourd\u2019hui, un\u00b7e agent\u00b7e sur cinq n\u2019est toujours pas titulaire : contractuel\u00b7les de droit public, de droit priv\u00e9 ou &hellip; <\/p>\n","protected":false},"author":1,"featured_media":0,"comment_status":"closed","ping_status":"open","sticky":false,"template":"","format":"standard","meta":{"footnotes":""},"categories":[91],"tags":[],"class_list":["post-3679","post","type-post","status-publish","format-standard","hentry","category-mobilisations-manifestations"],"_links":{"self":[{"href":"https:\/\/snasub-fsu-grenoble.fr\/index.php?rest_route=\/wp\/v2\/posts\/3679","targetHints":{"allow":["GET"]}}],"collection":[{"href":"https:\/\/snasub-fsu-grenoble.fr\/index.php?rest_route=\/wp\/v2\/posts"}],"about":[{"href":"https:\/\/snasub-fsu-grenoble.fr\/index.php?rest_route=\/wp\/v2\/types\/post"}],"author":[{"embeddable":true,"href":"https:\/\/snasub-fsu-grenoble.fr\/index.php?rest_route=\/wp\/v2\/users\/1"}],"replies":[{"embeddable":true,"href":"https:\/\/snasub-fsu-grenoble.fr\/index.php?rest_route=%2Fwp%2Fv2%2Fcomments&post=3679"}],"version-history":[{"count":1,"href":"https:\/\/snasub-fsu-grenoble.fr\/index.php?rest_route=\/wp\/v2\/posts\/3679\/revisions"}],"predecessor-version":[{"id":3681,"href":"https:\/\/snasub-fsu-grenoble.fr\/index.php?rest_route=\/wp\/v2\/posts\/3679\/revisions\/3681"}],"wp:attachment":[{"href":"https:\/\/snasub-fsu-grenoble.fr\/index.php?rest_route=%2Fwp%2Fv2%2Fmedia&parent=3679"}],"wp:term":[{"taxonomy":"category","embeddable":true,"href":"https:\/\/snasub-fsu-grenoble.fr\/index.php?rest_route=%2Fwp%2Fv2%2Fcategories&post=3679"},{"taxonomy":"post_tag","embeddable":true,"href":"https:\/\/snasub-fsu-grenoble.fr\/index.php?rest_route=%2Fwp%2Fv2%2Ftags&post=3679"}],"curies":[{"name":"wp","href":"https:\/\/api.w.org\/{rel}","templated":true}]}}