{"id":3778,"date":"2022-06-14T16:22:08","date_gmt":"2022-06-14T14:22:08","guid":{"rendered":"http:\/\/snasub-fsu-grenoble.fr\/?p=3778"},"modified":"2023-03-27T19:35:37","modified_gmt":"2023-03-27T17:35:37","slug":"premier-tour-des-elections-legislatives-une-dynamique-porteuse-despoir-pour-les-revendications-syndicales-des-salarie-es-des-prive-es-demploi-des-jeunes-et-des-retraite-es","status":"publish","type":"post","link":"https:\/\/snasub-fsu-grenoble.fr\/?p=3778","title":{"rendered":"Premier  tour des \u00e9lections l\u00e9gislatives : une dynamique porteuse d\u2019espoir pour  les revendications syndicales des salari\u00e9-es, des priv\u00e9-es d\u2019emploi, des  jeunes et des retrait\u00e9-es\u00a0!"},"content":{"rendered":"\n<p>Les r\u00e9sultats du premier tour des \u00e9lections l\u00e9gislatives illustrent de nouveau la tripartition du paysage politique. L\u2019abstention est \u00e0 un niveau in\u00e9dit, en particulier dans la jeunesse. Cela r\u00e9v\u00e8le une nouvelle fois la profondeur de la crise d\u00e9mocratique. Le choix fait par la majorit\u00e9 pr\u00e9sidentielle de tenter d\u2019anesth\u00e9sier la campagne \u00e9lectorale pour masquer son projet de r\u00e9gression sociale est un facteur aggravant de cette situation.<\/p>\n\n\n\n<p>La FSU s\u2019alarme de la persistance de pourcentages de voix \u00e9lev\u00e9s s\u2019\u00e9tant port\u00e9s sur les partis d\u2019extr\u00eame droite, avec encore pr\u00e8s d\u2019un quart des voix. Le RN est d\u00e9sormais susceptible de constituer un groupe parlementaire. Pour le second tour, la FSU appelle de nouveau \u00e0 ce que pas une voix n\u2019aille se porter sur des candidat-es d\u2019extr\u00eame droite, car leur programme est fondamentalement antisocial et lib\u00e9ral sur le plan \u00e9conomique, \u00e0 l\u2019exact inverse des valeurs d\u2019\u00e9galit\u00e9 et de solidarit\u00e9 port\u00e9es par le syndicalisme. La FSU appelle toutes les \u00e9lectrices et tous les \u00e9lecteurs, dont les abstentionnistes, \u00e0 d\u00e9faire toute possibilit\u00e9 d\u2019\u00e9lection de d\u00e9put\u00e9-es pour le RN.<\/p>\n\n\n\n<p>La FSU d\u00e9nonce avec force l\u2019amalgame fait entre la gauche et l\u2019extr\u00eame droite dans les discours de membres de la coalition pr\u00e9sidentielle \u00ab&nbsp;Ensemble&nbsp;\u00bb. La FSU appelle \u00e0 ce que le d\u00e9bat public \u00e0 l\u2019occasion de ces \u00e9lections l\u00e9gislatives ne soit pas le th\u00e9\u00e2tre de confusions entretenues \u00e0 des fins politiciennes, et dont la cons\u00e9quence serait de faciliter la strat\u00e9gie dite de \u00ab&nbsp;d\u00e9diabolisation&nbsp;\u00bb de l\u2019extr\u00eame droite.<\/p>\n\n\n\n<p>Les forces politiques soutenant le Pr\u00e9sident subissent un \u00e9chec. Ceci d\u00e9montre que les projets politiques contre les droits sociaux qu\u2019elles portent sont largement r\u00e9fut\u00e9s par les urnes. C\u2019est un encouragement pour construire les mobilisations et d\u00e9fendre les revendications.<\/p>\n\n\n\n<p>Pour la premi\u00e8re fois depuis l\u2019instauration du quinquennat et l\u2019inversion du calendrier \u00e9lectoral, un Pr\u00e9sident \u00e9lu pourrait ne pas avoir de majorit\u00e9.<\/p>\n\n\n\n<p>Pour la FSU, c\u2019est le r\u00e9sultat du rejet massif des projets n\u00e9o lib\u00e9raux, autoritaires, \u00e9cocides, injustes socialement, qui monte dans la population.<\/p>\n\n\n\n<p>La FSU continuera, en vue du second tour, \u00e0 populariser ses analyses sur la nocivit\u00e9 de ce projet pour les salari\u00e9-es, les priv\u00e9-es d\u2019emploi, les jeunes et les retrait\u00e9-es (recul de l\u2019\u00e2ge de la retraite, compression salariale et des pensions, sous-financement des services publics, remise en cause du statut de fonctionnaire, lien entre le RSA et le travail gratuit, etc.). Aller voter doit permettre aussi d\u2019emp\u00eacher qu\u2019une telle politique ne s\u2019applique&nbsp;!<\/p>\n\n\n\n<p>Le rassemblement des forces de gauche a permis de faire \u00e9merger un projet alternatif de progr\u00e8s social. C\u2019est donc le troisi\u00e8me bloc \u00e9lectoral apparu lors de l\u2019\u00e9lection pr\u00e9sidentielle qui appara\u00eet en t\u00eate au soir de ce premier tour des \u00e9lections l\u00e9gislatives. Pour la FSU, un tel r\u00e9sultat montre qu\u2019il existe dans le pays un espoir qui peut se constituer et se confirmer&nbsp;!<\/p>\n\n\n\n<p>Forte de sa l\u00e9gitimit\u00e9 \u00e0 s\u2019exprimer et \u00e0 revendiquer, la FSU entend donc poursuivre et amplifier les mobilisations pour convaincre d\u00e8s maintenant que d\u2019autres politiques \u00e9conomiques, sociales et environnementales sont possibles et n\u00e9cessaires pour r\u00e9pondre aux revendications. Elle entend ainsi jouer tout son r\u00f4le d\u2019organisation syndicale, en toute ind\u00e9pendance, et exprimer l\u2019attente massive des salari\u00e9-es, des ch\u00f4meur-euses, des jeunes et des retrait\u00e9-es par des propositions progressistes qui soient inscrites dans les r\u00e9alit\u00e9s du monde du travail, pour construire une soci\u00e9t\u00e9 f\u00e9ministe, \u00e9cologique et sociale, pour garantir les droits de toutes et tous, pour r\u00e9duire drastiquement les in\u00e9galit\u00e9s, pour am\u00e9liorer les conditions de vie en redistribuant les richesses, pour respecter la dignit\u00e9 de toutes et tous.<\/p>\n\n\n\n<p>Pour sortir le pays de la crise dans laquelle il est plong\u00e9, c\u2019est la justice sociale qui est \u00e0 l\u2019ordre du jour. Cela passe par la capacit\u00e9 \u00e0 renforcer le mouvement social.<\/p>\n\n\n\n<p>La FSU appelle aussi \u00e0 se rendre aux urnes dimanche 19 juin pour le second tour de l\u2019\u00e9lection l\u00e9gislative et \u00e0 y porter haut les revendications \u00a0!<\/p>\n\n\n\n<p><\/p>\n\n\n\n<p class=\"has-text-align-right\"><strong>Les Lilas le 13 juin 2022<\/strong><\/p>\n","protected":false},"excerpt":{"rendered":"<p>Les r\u00e9sultats du premier tour des \u00e9lections l\u00e9gislatives illustrent de nouveau la tripartition du paysage politique. L\u2019abstention est \u00e0 un niveau in\u00e9dit, en particulier dans la jeunesse. Cela r\u00e9v\u00e8le une &hellip; <\/p>\n","protected":false},"author":1,"featured_media":0,"comment_status":"closed","ping_status":"open","sticky":false,"template":"","format":"standard","meta":{"footnotes":""},"categories":[83],"tags":[],"class_list":["post-3778","post","type-post","status-publish","format-standard","hentry","category-communiques"],"_links":{"self":[{"href":"https:\/\/snasub-fsu-grenoble.fr\/index.php?rest_route=\/wp\/v2\/posts\/3778","targetHints":{"allow":["GET"]}}],"collection":[{"href":"https:\/\/snasub-fsu-grenoble.fr\/index.php?rest_route=\/wp\/v2\/posts"}],"about":[{"href":"https:\/\/snasub-fsu-grenoble.fr\/index.php?rest_route=\/wp\/v2\/types\/post"}],"author":[{"embeddable":true,"href":"https:\/\/snasub-fsu-grenoble.fr\/index.php?rest_route=\/wp\/v2\/users\/1"}],"replies":[{"embeddable":true,"href":"https:\/\/snasub-fsu-grenoble.fr\/index.php?rest_route=%2Fwp%2Fv2%2Fcomments&post=3778"}],"version-history":[{"count":1,"href":"https:\/\/snasub-fsu-grenoble.fr\/index.php?rest_route=\/wp\/v2\/posts\/3778\/revisions"}],"predecessor-version":[{"id":3779,"href":"https:\/\/snasub-fsu-grenoble.fr\/index.php?rest_route=\/wp\/v2\/posts\/3778\/revisions\/3779"}],"wp:attachment":[{"href":"https:\/\/snasub-fsu-grenoble.fr\/index.php?rest_route=%2Fwp%2Fv2%2Fmedia&parent=3778"}],"wp:term":[{"taxonomy":"category","embeddable":true,"href":"https:\/\/snasub-fsu-grenoble.fr\/index.php?rest_route=%2Fwp%2Fv2%2Fcategories&post=3778"},{"taxonomy":"post_tag","embeddable":true,"href":"https:\/\/snasub-fsu-grenoble.fr\/index.php?rest_route=%2Fwp%2Fv2%2Ftags&post=3778"}],"curies":[{"name":"wp","href":"https:\/\/api.w.org\/{rel}","templated":true}]}}