{"id":6985,"date":"2023-02-06T09:00:38","date_gmt":"2023-02-06T08:00:38","guid":{"rendered":"https:\/\/snasub-fsu-grenoble.fr\/?p=6985"},"modified":"2023-03-27T19:28:14","modified_gmt":"2023-03-27T17:28:14","slug":"pas-un-jour-de-plus-pas-un-euro-de-moins-contre-la-regression-sociale-annoncee-continuons-la-mobilisation","status":"publish","type":"post","link":"https:\/\/snasub-fsu-grenoble.fr\/?p=6985","title":{"rendered":"Pas un jour de plus, pas un euro de moins&#8230; Contre la r\u00e9gression sociale annonc\u00e9e, continuons la mobilisation le 7 f\u00e9vrier !"},"content":{"rendered":"\n<p class=\"has-text-align-center has-vivid-red-color has-text-color has-large-font-size\"><strong>Gr\u00e8ve et manifestations unitaires mardi 7 et samedi 11 f\u00e9vrier ! <br>Pour gagner le retrait du projet Macron des retraites !<\/strong><\/p>\n\n\n\n<p><strong>Cher\u00b7e coll\u00e8gue,<\/strong><\/p>\n\n\n\n<p><strong>les manifestations du 31 janvier dernier ont rassembl\u00e9 entre 2 et 3 millions de participant-es \u00e0 travers tout le pays et l&rsquo;ensemble de ses territoires.<\/strong><br><br>Cela montre bien &#8211; \u00e0 l&rsquo;instar de ce que disent aussi les sondages d&rsquo;opinion &#8211; que les salari\u00e9.es, les retrait\u00e9.es et de plus en plus de jeunes comprennent ce qui est \u00e0 l&rsquo;ordre du jour avec le projet gouvernemental de r\u00e9forme des retraites : <strong>une r\u00e9gression sociale, majeure&#8230;<br><\/strong><br><strong>Rien de plus antisocial et injuste, en effet, que de vouloir imposer une augmentation du temps de travail<\/strong> &#8211; \u00e0 l&rsquo;\u00e9chelle d&rsquo;une vie &#8211; combin\u00e9e \u00e0 une diminution du montant des retraites et des pensions alors que le niveau des richesses cr\u00e9\u00e9es augmente dans notre pays. <strong>Et c&rsquo;est bien la r\u00e9partition injuste de ces richesses cr\u00e9\u00e9es qui pose probl\u00e8me aujourd&rsquo;hui !<\/strong> Les milliards (loi de finances, dividendes vers\u00e9s aux actionnaires&#8230;) existent aujourd&rsquo;hui pour assurer l&rsquo;existence et l&rsquo;am\u00e9lioration de notre syst\u00e8me de retraite par r\u00e9partition, encore faut-il d\u00e9cider des bonnes politiques &#8211; fiscales et budg\u00e9taires &#8211; pour soutenir la d\u00e9pense publique en mati\u00e8re sociale !<br><br><strong>La mobilisation unitaire doit donc continuer et s&rsquo;amplifier, m\u00eame !<\/strong> Dans les r\u00e9unions intersyndicales, dans les assembl\u00e9es g\u00e9n\u00e9rales, dans les r\u00e9unions d&rsquo;information syndicale, partout doivent \u00eatre discut\u00e9es des modalit\u00e9s d&rsquo;action pour rendre notre mobilisation visible et durable ; et pour la rendre plus forte !<\/p>\n\n\n\n<p><strong>Et parce que l&rsquo;unit\u00e9 d&rsquo;action syndicale dans chaque secteur professionnel est une force suppl\u00e9mentaire,<\/strong> vous lirez ici le <a href=\"https:\/\/fsu.fr\/communique-des-organisations-de-leducation-nationale-leducation-mobilisee-pour-le-retrait-de-la-reforme-des-retraites\/\">communiqu\u00e9 unitaire<\/a> des <strong>f\u00e9d\u00e9rations syndicales de l&rsquo;\u00e9ducation et de l&rsquo;enseignement sup\u00e9rieur<\/strong>.<\/p>\n\n\n\n<p class=\"has-vivid-green-cyan-color has-text-color\">D\u00e9j\u00e0 <strong>+ 900.000 signataires<\/strong> ! Et toujours en ligne, nous vous invitons <strong>\u00e0 signer et \u00e0 faire signer<\/strong> encore plus massivement <a rel=\"noreferrer noopener\" href=\"https:\/\/fsu.fr\/signer-la-petition-intersyndicale-retraites-non-a-cette-reforme-injuste-et-brutale\/\" target=\"_blank\">la p\u00e9tition unitaire<\/a> exigeant le retrait du projet de r\u00e9forme&nbsp;!<\/p>\n\n\n<div class=\"wp-block-image\">\n<figure class=\"aligncenter size-full is-resized\"><img loading=\"lazy\" decoding=\"async\" src=\"http:\/\/snasub-fsu-grenoble.fr\/wp-content\/uploads\/2023\/02\/Retraite-toujours-non-1.png\" alt=\"\" class=\"wp-image-6993\" width=\"510\" height=\"224\" srcset=\"https:\/\/snasub-fsu-grenoble.fr\/wp-content\/uploads\/2023\/02\/Retraite-toujours-non-1.png 403w, https:\/\/snasub-fsu-grenoble.fr\/wp-content\/uploads\/2023\/02\/Retraite-toujours-non-1-300x132.png 300w\" sizes=\"auto, (max-width: 510px) 100vw, 510px\" \/><\/figure>\n<\/div>\n\n\n<h2 class=\"has-vivid-green-cyan-color has-text-color has-large-font-size wp-block-heading\"><strong>Les rendez-vous dans l\u2019acad\u00e9mie le mardi 7 f\u00e9vrier<\/strong> :<\/h2>\n\n\n\n<div class=\"wp-block-group\"><div class=\"wp-block-group__inner-container is-layout-constrained wp-block-group-is-layout-constrained\">\n<div class=\"wp-block-group\"><div class=\"wp-block-group__inner-container is-layout-constrained wp-block-group-is-layout-constrained\">\n<h3 class=\"has-vivid-cyan-blue-color has-text-color has-medium-font-size wp-block-heading\"><strong><em>En Ard\u00e8che :<\/em><\/strong><\/h3>\n\n\n\n<ul class=\"wp-block-list\">\n<li>&nbsp;ANNONAY : 14h30, gare routi\u00e8re<\/li>\n<\/ul>\n<\/div><\/div>\n<\/div><\/div>\n\n\n\n<div class=\"wp-block-group\"><div class=\"wp-block-group__inner-container is-layout-constrained wp-block-group-is-layout-constrained\">\n<div class=\"wp-block-group\"><div class=\"wp-block-group__inner-container is-layout-constrained wp-block-group-is-layout-constrained\">\n<div class=\"wp-block-group\"><div class=\"wp-block-group__inner-container is-layout-constrained wp-block-group-is-layout-constrained\">\n<div class=\"wp-block-group\"><div class=\"wp-block-group__inner-container is-layout-constrained wp-block-group-is-layout-constrained\">\n<h3 class=\"has-vivid-red-color has-text-color has-medium-font-size wp-block-heading\"><strong><em>En Dr\u00f4me :<\/em><\/strong><\/h3>\n\n\n\n<ul class=\"wp-block-list\">\n<li>VALENCE : 14h30 Champ de Mars<\/li>\n\n\n\n<li>MONTELIMAR : 14h Place du Th\u00e9\u00e2tre<\/li>\n<\/ul>\n\n\n\n<p>     &#8211;&gt; Pour en savoir plus : <a rel=\"noreferrer noopener\" href=\"https:\/\/fsu26.fsu.fr\/reforme-des-retraites-greve-le-31-janvier-et-actions-intermediaires\/\" target=\"_blank\">FSU 26<\/a><\/p>\n<\/div><\/div>\n<\/div><\/div>\n<\/div><\/div>\n<\/div><\/div>\n\n\n\n<div class=\"wp-block-group\"><div class=\"wp-block-group__inner-container is-layout-constrained wp-block-group-is-layout-constrained\">\n<div class=\"wp-block-group\"><div class=\"wp-block-group__inner-container is-layout-constrained wp-block-group-is-layout-constrained\">\n<div class=\"wp-block-group\"><div class=\"wp-block-group__inner-container is-layout-constrained wp-block-group-is-layout-constrained\">\n<div class=\"wp-block-group\"><div class=\"wp-block-group__inner-container is-layout-constrained wp-block-group-is-layout-constrained\">\n<h3 class=\"has-vivid-green-cyan-color has-text-color has-medium-font-size wp-block-heading\"><strong><em>En Is\u00e8re :<\/em><\/strong><\/h3>\n\n\n\n<ul class=\"wp-block-list\">\n<li>GRENOBLE : 10h, gares<\/li>\n\n\n\n<li>BOURGOIN-JALLIEU : 10h, Place Saint Michel<\/li>\n\n\n\n<li>SAINT-MARCELLIN : 17h, Place d&rsquo;Armes pour une soupe populaire<\/li>\n\n\n\n<li>VIENNE : 14h30, gare routi\u00e8re jusqu&rsquo;\u00e0 la sous-pr\u00e9fecture<\/li>\n\n\n\n<li>ROUSSILLON : 10h-14h, plateforme chimique de Roussillon : barbecue revendicatif et appel \u00e0 rejoindre ensuite les manifestations de Vienne et Annonay<\/li>\n<\/ul>\n<\/div><\/div>\n<\/div><\/div>\n<\/div><\/div>\n<\/div><\/div>\n\n\n\n<div class=\"wp-block-group\"><div class=\"wp-block-group__inner-container is-layout-constrained wp-block-group-is-layout-constrained\">\n<div class=\"wp-block-group\"><div class=\"wp-block-group__inner-container is-layout-constrained wp-block-group-is-layout-constrained\">\n<div class=\"wp-block-group\"><div class=\"wp-block-group__inner-container is-layout-constrained wp-block-group-is-layout-constrained\">\n<div class=\"wp-block-group\"><div class=\"wp-block-group__inner-container is-layout-constrained wp-block-group-is-layout-constrained\">\n<div class=\"wp-block-group\"><div class=\"wp-block-group__inner-container is-layout-constrained wp-block-group-is-layout-constrained\">\n<h3 class=\"has-luminous-vivid-amber-color has-text-color has-medium-font-size wp-block-heading\"><strong><em>En Savoie :<\/em><\/strong><\/h3>\n\n\n\n<ul class=\"wp-block-list\">\n<li>ALBERTVILLE : 10h, gare<\/li>\n\n\n\n<li>CHAMBERY : 14h, Palais de Justice<\/li>\n\n\n\n<li>ST JEAN DE MAURIENNE : 10h, Place du champ de Foire<\/li>\n<\/ul>\n<\/div><\/div>\n\n\n\n<p>Pour en savoir plus : <a rel=\"noreferrer noopener\" href=\"https:\/\/fsu73.fsu.fr\/tract-31-janvier-2023\/\" target=\"_blank\">FSU 73<\/a><\/p>\n<\/div><\/div>\n<\/div><\/div>\n<\/div><\/div>\n<\/div><\/div>\n\n\n\n<div class=\"wp-block-group\"><div class=\"wp-block-group__inner-container is-layout-constrained wp-block-group-is-layout-constrained\">\n<div class=\"wp-block-group\"><div class=\"wp-block-group__inner-container is-layout-constrained wp-block-group-is-layout-constrained\">\n<div class=\"wp-block-group\"><div class=\"wp-block-group__inner-container is-layout-constrained wp-block-group-is-layout-constrained\">\n<h3 class=\"has-vivid-purple-color has-text-color has-medium-font-size wp-block-heading\"><strong><em>En Haute-Savoie :<\/em><\/strong><\/h3>\n\n\n\n<ul class=\"wp-block-list\">\n<li>ANNECY : 14h, Pr\u00e9fecture<\/li>\n\n\n\n<li>ANNEMASSE : 17h, place de la Mairie<\/li>\n\n\n\n<li>CLUSES : 16h, place des Allobroges<\/li>\n\n\n\n<li>SALLANCHES : 17h, place Charles Albert<\/li>\n<\/ul>\n<\/div><\/div>\n\n\n\n<p>Pour en savoir plus : <a rel=\"noreferrer noopener\" href=\"https:\/\/fsu74.fsu.fr\/le-31-janvier-continuons-la-lutte-contre-la-reforme-des-retraites\/\" target=\"_blank\">FSU 74<\/a><\/p>\n\n\n\n<p class=\"has-text-align-center has-medium-font-size\"><strong>Tous les rendez-vous de mobilisation le 7 f\u00e9vrier ici : <a rel=\"noreferrer noopener\" href=\"https:\/\/snasub.fsu.fr\/7-fevrier-la-carte-des-mobilisations\/\" target=\"_blank\">carte des mobilisations contre la r\u00e9forme des retraites<\/a><\/strong><\/p>\n<\/div><\/div>\n<\/div><\/div>\n\n\n\n<div class=\"wp-block-group\"><div class=\"wp-block-group__inner-container is-layout-constrained wp-block-group-is-layout-constrained\">\n<div class=\"wp-block-group\"><div class=\"wp-block-group__inner-container is-layout-constrained wp-block-group-is-layout-constrained\">\n<div class=\"wp-block-group\"><div class=\"wp-block-group__inner-container is-layout-constrained wp-block-group-is-layout-constrained\">\n<div class=\"wp-block-group\"><div class=\"wp-block-group__inner-container is-layout-constrained wp-block-group-is-layout-constrained\">\n<p class=\"has-text-align-center\"><\/p>\n\n\n\n<div data-wp-interactive=\"core\/file\" class=\"wp-block-file\"><object data-wp-bind--hidden=\"!state.hasPdfPreview\" hidden class=\"wp-block-file__embed\" data=\"https:\/\/snasub-fsu-grenoble.fr\/wp-content\/uploads\/2023\/02\/Communique-intersyndical-07_02.pdf\" type=\"application\/pdf\" style=\"width:100%;height:600px\" aria-label=\"Contenu embarqu\u00e9 Communique-intersyndical-07_02.\"><\/object><a id=\"wp-block-file--media-0e9df7f3-ab1f-4a61-ab55-83a5ad96850b\" href=\"https:\/\/snasub-fsu-grenoble.fr\/wp-content\/uploads\/2023\/02\/Communique-intersyndical-07_02.pdf\">Communique-intersyndical-07_02<\/a><a href=\"https:\/\/snasub-fsu-grenoble.fr\/wp-content\/uploads\/2023\/02\/Communique-intersyndical-07_02.pdf\" class=\"wp-block-file__button wp-element-button\" download aria-describedby=\"wp-block-file--media-0e9df7f3-ab1f-4a61-ab55-83a5ad96850b\">T\u00e9l\u00e9charger<\/a><\/div>\n<\/div><\/div>\n<\/div><\/div>\n<\/div><\/div>\n<\/div><\/div>\n","protected":false},"excerpt":{"rendered":"<p>Gr\u00e8ve et manifestations unitaires mardi 7 et samedi 11 f\u00e9vrier ! Pour gagner le retrait du projet Macron des retraites ! Cher\u00b7e coll\u00e8gue, les manifestations du 31 janvier dernier ont &hellip; <\/p>\n","protected":false},"author":1,"featured_media":0,"comment_status":"closed","ping_status":"open","sticky":false,"template":"","format":"standard","meta":{"footnotes":""},"categories":[91,22],"tags":[],"class_list":["post-6985","post","type-post","status-publish","format-standard","hentry","category-mobilisations-manifestations","category-preparer-sa-retraite"],"_links":{"self":[{"href":"https:\/\/snasub-fsu-grenoble.fr\/index.php?rest_route=\/wp\/v2\/posts\/6985","targetHints":{"allow":["GET"]}}],"collection":[{"href":"https:\/\/snasub-fsu-grenoble.fr\/index.php?rest_route=\/wp\/v2\/posts"}],"about":[{"href":"https:\/\/snasub-fsu-grenoble.fr\/index.php?rest_route=\/wp\/v2\/types\/post"}],"author":[{"embeddable":true,"href":"https:\/\/snasub-fsu-grenoble.fr\/index.php?rest_route=\/wp\/v2\/users\/1"}],"replies":[{"embeddable":true,"href":"https:\/\/snasub-fsu-grenoble.fr\/index.php?rest_route=%2Fwp%2Fv2%2Fcomments&post=6985"}],"version-history":[{"count":19,"href":"https:\/\/snasub-fsu-grenoble.fr\/index.php?rest_route=\/wp\/v2\/posts\/6985\/revisions"}],"predecessor-version":[{"id":7052,"href":"https:\/\/snasub-fsu-grenoble.fr\/index.php?rest_route=\/wp\/v2\/posts\/6985\/revisions\/7052"}],"wp:attachment":[{"href":"https:\/\/snasub-fsu-grenoble.fr\/index.php?rest_route=%2Fwp%2Fv2%2Fmedia&parent=6985"}],"wp:term":[{"taxonomy":"category","embeddable":true,"href":"https:\/\/snasub-fsu-grenoble.fr\/index.php?rest_route=%2Fwp%2Fv2%2Fcategories&post=6985"},{"taxonomy":"post_tag","embeddable":true,"href":"https:\/\/snasub-fsu-grenoble.fr\/index.php?rest_route=%2Fwp%2Fv2%2Ftags&post=6985"}],"curies":[{"name":"wp","href":"https:\/\/api.w.org\/{rel}","templated":true}]}}