{"id":7277,"date":"2023-03-18T15:13:08","date_gmt":"2023-03-18T14:13:08","guid":{"rendered":"https:\/\/snasub-fsu-grenoble.fr\/?p=7277"},"modified":"2023-03-27T19:46:27","modified_gmt":"2023-03-27T17:46:27","slug":"contre-la-reforme-des-retraites-le-49-3-la-casse-du-service-public-on-arrete-tout-on-bloque-tout","status":"publish","type":"post","link":"https:\/\/snasub-fsu-grenoble.fr\/?p=7277","title":{"rendered":"Contre la r\u00e9forme des retraites, le 49.3, la casse du service public : on arr\u00eate tout, on bloque tout ! Le programme des mobilisations en d\u00e9partement"},"content":{"rendered":"\n<p class=\"has-medium-font-size\"><strong>Vos RDV en acad\u00e9mie du 18 au 23 mars :<\/strong><\/p>\n\n\n\n<h3 class=\"has-vivid-cyan-blue-color has-text-color has-medium-font-size wp-block-heading\"><strong><em>En Ard\u00e8che :<\/em><\/strong><\/h3>\n\n\n\n<ul class=\"wp-block-list\">\n<li>ANNONAY : 11h \u00ab\u00a0La F\u00eate \u00e0 Dussopt\u00a0\u00bb puis manif 14h, gare routi\u00e8re<\/li>\n\n\n\n<li>AUBENAS : 14h, Rond-point Ponson<\/li>\n\n\n\n<li>LE CHEYLARD : 14h Rond-Point Ponson<\/li>\n\n\n\n<li>PRIVAS : 10h, tribunal : \u201cCondamnons l\u2019utilisation du 49.3\u201d<\/li>\n\n\n\n<li>TOURNON-SUR-RHONE : 11h, kiosque\n<ul class=\"wp-block-list\">\n<li>&#8211;&gt; Pour en savoir plus : <a href=\"https:\/\/fsu07.fsu.fr\/23mars2023\/\" target=\"_blank\" rel=\"noreferrer noopener\">FSU 07<\/a><\/li>\n<\/ul>\n<\/li>\n<\/ul>\n\n\n\n<p class=\"has-text-align-center\"><img loading=\"lazy\" decoding=\"async\" width=\"350\" height=\"495\" class=\"wp-image-7313\" style=\"width: 350px;\" src=\"http:\/\/snasub-fsu-grenoble.fr\/wp-content\/uploads\/2023\/03\/fsu07-tract-intersyndical-23-marsok-page-001.jpg\" alt=\"\" srcset=\"https:\/\/snasub-fsu-grenoble.fr\/wp-content\/uploads\/2023\/03\/fsu07-tract-intersyndical-23-marsok-page-001.jpg 1240w, https:\/\/snasub-fsu-grenoble.fr\/wp-content\/uploads\/2023\/03\/fsu07-tract-intersyndical-23-marsok-page-001-212x300.jpg 212w, https:\/\/snasub-fsu-grenoble.fr\/wp-content\/uploads\/2023\/03\/fsu07-tract-intersyndical-23-marsok-page-001-724x1024.jpg 724w, https:\/\/snasub-fsu-grenoble.fr\/wp-content\/uploads\/2023\/03\/fsu07-tract-intersyndical-23-marsok-page-001-768x1086.jpg 768w, https:\/\/snasub-fsu-grenoble.fr\/wp-content\/uploads\/2023\/03\/fsu07-tract-intersyndical-23-marsok-page-001-1086x1536.jpg 1086w\" sizes=\"auto, (max-width: 350px) 100vw, 350px\" \/><img loading=\"lazy\" decoding=\"async\" width=\"350\" height=\"495\" class=\"wp-image-7313\" style=\"width: 350px;\" src=\"http:\/\/snasub-fsu-grenoble.fr\/wp-content\/uploads\/2023\/03\/fsu07-tract-intersyndical-23-marsok-page-001.jpg\" alt=\"\" srcset=\"https:\/\/snasub-fsu-grenoble.fr\/wp-content\/uploads\/2023\/03\/fsu07-tract-intersyndical-23-marsok-page-001.jpg 1240w, https:\/\/snasub-fsu-grenoble.fr\/wp-content\/uploads\/2023\/03\/fsu07-tract-intersyndical-23-marsok-page-001-212x300.jpg 212w, https:\/\/snasub-fsu-grenoble.fr\/wp-content\/uploads\/2023\/03\/fsu07-tract-intersyndical-23-marsok-page-001-724x1024.jpg 724w, https:\/\/snasub-fsu-grenoble.fr\/wp-content\/uploads\/2023\/03\/fsu07-tract-intersyndical-23-marsok-page-001-768x1086.jpg 768w, https:\/\/snasub-fsu-grenoble.fr\/wp-content\/uploads\/2023\/03\/fsu07-tract-intersyndical-23-marsok-page-001-1086x1536.jpg 1086w\" sizes=\"auto, (max-width: 350px) 100vw, 350px\" \/><img loading=\"lazy\" decoding=\"async\" width=\"330\" height=\"467\" class=\"wp-image-7311\" style=\"width: 330px;\" src=\"http:\/\/snasub-fsu-grenoble.fr\/wp-content\/uploads\/2023\/03\/FSU07-intersyndicale-le-16-mars-2023-page-001.jpg\" alt=\"\" srcset=\"https:\/\/snasub-fsu-grenoble.fr\/wp-content\/uploads\/2023\/03\/FSU07-intersyndicale-le-16-mars-2023-page-001.jpg 1240w, https:\/\/snasub-fsu-grenoble.fr\/wp-content\/uploads\/2023\/03\/FSU07-intersyndicale-le-16-mars-2023-page-001-212x300.jpg 212w, https:\/\/snasub-fsu-grenoble.fr\/wp-content\/uploads\/2023\/03\/FSU07-intersyndicale-le-16-mars-2023-page-001-724x1024.jpg 724w, https:\/\/snasub-fsu-grenoble.fr\/wp-content\/uploads\/2023\/03\/FSU07-intersyndicale-le-16-mars-2023-page-001-768x1086.jpg 768w, https:\/\/snasub-fsu-grenoble.fr\/wp-content\/uploads\/2023\/03\/FSU07-intersyndicale-le-16-mars-2023-page-001-1086x1536.jpg 1086w\" sizes=\"auto, (max-width: 330px) 100vw, 330px\" \/><img loading=\"lazy\" decoding=\"async\" width=\"330\" height=\"467\" class=\"wp-image-7312\" style=\"width: 330px;\" src=\"http:\/\/snasub-fsu-grenoble.fr\/wp-content\/uploads\/2023\/03\/fsu07-motion_de_censure_rejetee_la_mobilisation_continue-page-001.jpg\" alt=\"\" srcset=\"https:\/\/snasub-fsu-grenoble.fr\/wp-content\/uploads\/2023\/03\/fsu07-motion_de_censure_rejetee_la_mobilisation_continue-page-001.jpg 1240w, https:\/\/snasub-fsu-grenoble.fr\/wp-content\/uploads\/2023\/03\/fsu07-motion_de_censure_rejetee_la_mobilisation_continue-page-001-212x300.jpg 212w, https:\/\/snasub-fsu-grenoble.fr\/wp-content\/uploads\/2023\/03\/fsu07-motion_de_censure_rejetee_la_mobilisation_continue-page-001-724x1024.jpg 724w, https:\/\/snasub-fsu-grenoble.fr\/wp-content\/uploads\/2023\/03\/fsu07-motion_de_censure_rejetee_la_mobilisation_continue-page-001-768x1086.jpg 768w, https:\/\/snasub-fsu-grenoble.fr\/wp-content\/uploads\/2023\/03\/fsu07-motion_de_censure_rejetee_la_mobilisation_continue-page-001-1086x1536.jpg 1086w\" sizes=\"auto, (max-width: 330px) 100vw, 330px\" \/><\/p>\n\n\n\n<h3 class=\"has-vivid-red-color has-text-color has-medium-font-size wp-block-heading\"><strong><em>En Dr\u00f4me :<\/em><\/strong><\/h3>\n\n\n\n<ul class=\"wp-block-list\">\n<li>MONTELIMAR : 14h, rond-point du Soleil Levant (zone commerciale sud)<\/li>\n\n\n\n<li>VALENCE : 14h30, rond-point Valence 2\n<ul class=\"wp-block-list\">\n<li>&#8211;&gt; Pour en savoir plus : <a rel=\"noreferrer noopener\" href=\"https:\/\/fsu26.fsu.fr\/23-mars-on-continue-jusquau-retrait\/\" target=\"_blank\">FSU 26<\/a><\/li>\n<\/ul>\n<\/li>\n<\/ul>\n\n\n\n<p class=\"has-text-align-center\"><img loading=\"lazy\" decoding=\"async\" width=\"300\" height=\"424\" class=\"wp-image-7298\" style=\"width: 300px;\" src=\"http:\/\/snasub-fsu-grenoble.fr\/wp-content\/uploads\/2023\/03\/23-mars-fsu26.png\" alt=\"\" srcset=\"https:\/\/snasub-fsu-grenoble.fr\/wp-content\/uploads\/2023\/03\/23-mars-fsu26.png 794w, https:\/\/snasub-fsu-grenoble.fr\/wp-content\/uploads\/2023\/03\/23-mars-fsu26-212x300.png 212w, https:\/\/snasub-fsu-grenoble.fr\/wp-content\/uploads\/2023\/03\/23-mars-fsu26-724x1024.png 724w, https:\/\/snasub-fsu-grenoble.fr\/wp-content\/uploads\/2023\/03\/23-mars-fsu26-768x1086.png 768w\" sizes=\"auto, (max-width: 300px) 100vw, 300px\" \/>    <img loading=\"lazy\" decoding=\"async\" width=\"300\" height=\"424\" class=\"wp-image-7297\" style=\"width: 300px;\" src=\"http:\/\/snasub-fsu-grenoble.fr\/wp-content\/uploads\/2023\/03\/fsu26-23-mars.jpg\" alt=\"\" srcset=\"https:\/\/snasub-fsu-grenoble.fr\/wp-content\/uploads\/2023\/03\/fsu26-23-mars.jpg 679w, https:\/\/snasub-fsu-grenoble.fr\/wp-content\/uploads\/2023\/03\/fsu26-23-mars-212x300.jpg 212w\" sizes=\"auto, (max-width: 300px) 100vw, 300px\" \/>    <img loading=\"lazy\" decoding=\"async\" width=\"300\" height=\"169\" class=\"wp-image-7299\" style=\"width: 300px;\" src=\"http:\/\/snasub-fsu-grenoble.fr\/wp-content\/uploads\/2023\/03\/fsu26-23mars-3.jpg\" alt=\"\" srcset=\"https:\/\/snasub-fsu-grenoble.fr\/wp-content\/uploads\/2023\/03\/fsu26-23mars-3.jpg 960w, https:\/\/snasub-fsu-grenoble.fr\/wp-content\/uploads\/2023\/03\/fsu26-23mars-3-300x169.jpg 300w, https:\/\/snasub-fsu-grenoble.fr\/wp-content\/uploads\/2023\/03\/fsu26-23mars-3-768x432.jpg 768w\" sizes=\"auto, (max-width: 300px) 100vw, 300px\" \/> <\/p>\n\n\n\n<p><\/p>\n\n\n\n<h3 class=\"has-vivid-green-cyan-color has-text-color has-medium-font-size wp-block-heading\"><strong><em>En Is\u00e8re :<\/em><\/strong><\/h3>\n\n\n\n<p><strong>Mardi 21\/03 : <\/strong>GRENOBLE Place Hubert Dubedout, 19h manifestation aux flambeaux<\/p>\n\n\n\n<p><strong>Jeudi 23 mars 2023 :<\/strong><\/p>\n\n\n\n<ul class=\"wp-block-list\">\n<li>BOURG D&rsquo;OISANS : 10h, th\u00e9\u00e2tre de Verdure<\/li>\n\n\n\n<li>GRENOBLE : 14h, gare et croisement Alsace-Lorraine pour la FSU<\/li>\n\n\n\n<li>MONESTIER-DE-CLERMONT : 10h, Col du Fau<\/li>\n\n\n\n<li>SAINT-MARCELLIN : 15h, Champ de Mars<\/li>\n\n\n\n<li>SAINT-QUENTIN-FALLAVIER : 9h30, CAPI<\/li>\n\n\n\n<li>VIZILLE : 10h, Place du Ch\u00e2teau\n<ul class=\"wp-block-list\">\n<li>&#8211;&gt; Pour en savoir plus : <a rel=\"noreferrer noopener\" href=\"https:\/\/fsu38.fsu.fr\/retraites-pas-dallongement\/\" target=\"_blank\">FSU 38<\/a><\/li>\n<\/ul>\n<\/li>\n<\/ul>\n\n\n\n<p class=\"has-text-align-center\"><img loading=\"lazy\" decoding=\"async\" width=\"300\" height=\"424\" class=\"wp-image-7300\" style=\"width: 300px;\" src=\"http:\/\/snasub-fsu-grenoble.fr\/wp-content\/uploads\/2023\/03\/A4-TRACT-49.3-page-001.jpg\" alt=\"\" srcset=\"https:\/\/snasub-fsu-grenoble.fr\/wp-content\/uploads\/2023\/03\/A4-TRACT-49.3-page-001.jpg 1240w, https:\/\/snasub-fsu-grenoble.fr\/wp-content\/uploads\/2023\/03\/A4-TRACT-49.3-page-001-212x300.jpg 212w, https:\/\/snasub-fsu-grenoble.fr\/wp-content\/uploads\/2023\/03\/A4-TRACT-49.3-page-001-724x1024.jpg 724w, https:\/\/snasub-fsu-grenoble.fr\/wp-content\/uploads\/2023\/03\/A4-TRACT-49.3-page-001-768x1086.jpg 768w, https:\/\/snasub-fsu-grenoble.fr\/wp-content\/uploads\/2023\/03\/A4-TRACT-49.3-page-001-1086x1536.jpg 1086w\" sizes=\"auto, (max-width: 300px) 100vw, 300px\" \/><img loading=\"lazy\" decoding=\"async\" width=\"300\" height=\"424\" class=\"wp-image-7301\" style=\"width: 300px;\" src=\"http:\/\/snasub-fsu-grenoble.fr\/wp-content\/uploads\/2023\/03\/20230317_Appel_ISeduc-page-001.jpg\" alt=\"\" srcset=\"https:\/\/snasub-fsu-grenoble.fr\/wp-content\/uploads\/2023\/03\/20230317_Appel_ISeduc-page-001.jpg 1240w, https:\/\/snasub-fsu-grenoble.fr\/wp-content\/uploads\/2023\/03\/20230317_Appel_ISeduc-page-001-212x300.jpg 212w, https:\/\/snasub-fsu-grenoble.fr\/wp-content\/uploads\/2023\/03\/20230317_Appel_ISeduc-page-001-724x1024.jpg 724w, https:\/\/snasub-fsu-grenoble.fr\/wp-content\/uploads\/2023\/03\/20230317_Appel_ISeduc-page-001-768x1086.jpg 768w, https:\/\/snasub-fsu-grenoble.fr\/wp-content\/uploads\/2023\/03\/20230317_Appel_ISeduc-page-001-1086x1536.jpg 1086w\" sizes=\"auto, (max-width: 300px) 100vw, 300px\" \/><img loading=\"lazy\" decoding=\"async\" width=\"360\" height=\"509\" class=\"wp-image-7302\" style=\"width: 360px;\" src=\"http:\/\/snasub-fsu-grenoble.fr\/wp-content\/uploads\/2023\/03\/communique-anti-repression-page-001.jpg\" alt=\"\" srcset=\"https:\/\/snasub-fsu-grenoble.fr\/wp-content\/uploads\/2023\/03\/communique-anti-repression-page-001.jpg 1240w, https:\/\/snasub-fsu-grenoble.fr\/wp-content\/uploads\/2023\/03\/communique-anti-repression-page-001-212x300.jpg 212w, https:\/\/snasub-fsu-grenoble.fr\/wp-content\/uploads\/2023\/03\/communique-anti-repression-page-001-724x1024.jpg 724w, https:\/\/snasub-fsu-grenoble.fr\/wp-content\/uploads\/2023\/03\/communique-anti-repression-page-001-768x1086.jpg 768w, https:\/\/snasub-fsu-grenoble.fr\/wp-content\/uploads\/2023\/03\/communique-anti-repression-page-001-1086x1536.jpg 1086w\" sizes=\"auto, (max-width: 360px) 100vw, 360px\" \/><img loading=\"lazy\" decoding=\"async\" width=\"360\" height=\"509\" class=\"wp-image-7303\" style=\"width: 360px;\" src=\"http:\/\/snasub-fsu-grenoble.fr\/wp-content\/uploads\/2023\/03\/declaration-intersyndicale-devant-lAN-16-mars-Vdef-page-001.jpg\" alt=\"\" srcset=\"https:\/\/snasub-fsu-grenoble.fr\/wp-content\/uploads\/2023\/03\/declaration-intersyndicale-devant-lAN-16-mars-Vdef-page-001.jpg 1240w, https:\/\/snasub-fsu-grenoble.fr\/wp-content\/uploads\/2023\/03\/declaration-intersyndicale-devant-lAN-16-mars-Vdef-page-001-212x300.jpg 212w, https:\/\/snasub-fsu-grenoble.fr\/wp-content\/uploads\/2023\/03\/declaration-intersyndicale-devant-lAN-16-mars-Vdef-page-001-724x1024.jpg 724w, https:\/\/snasub-fsu-grenoble.fr\/wp-content\/uploads\/2023\/03\/declaration-intersyndicale-devant-lAN-16-mars-Vdef-page-001-768x1086.jpg 768w, https:\/\/snasub-fsu-grenoble.fr\/wp-content\/uploads\/2023\/03\/declaration-intersyndicale-devant-lAN-16-mars-Vdef-page-001-1086x1536.jpg 1086w\" sizes=\"auto, (max-width: 360px) 100vw, 360px\" \/><\/p>\n\n\n\n<div class=\"wp-block-group\"><div class=\"wp-block-group__inner-container is-layout-constrained wp-block-group-is-layout-constrained\">\n<h3 class=\"has-luminous-vivid-amber-color has-text-color has-medium-font-size wp-block-heading\"><strong><em>En Savoie :<\/em><\/strong><\/h3>\n\n\n\n<p><strong>Mardi 21\/03 : <\/strong>CHAMBERY place du Palais de Justice, 19h manifestation aux flambeaux<\/p>\n\n\n\n<p><strong>Jeudi 23 mars 2023 :<\/strong><\/p>\n\n\n\n<ul class=\"wp-block-list\">\n<li>ALBERTVILLE : 10h, Gare<\/li>\n\n\n\n<li>CHAMBERY : 14h, place du Palais de Justice<\/li>\n\n\n\n<li>SAINT-JEAN-DE-MAURIENNE : 10h, Champ de Foire\n<ul class=\"wp-block-list\">\n<li>&#8211;&gt; Pour en savoir plus : <a rel=\"noreferrer noopener\" href=\"https:\/\/fsu73.fsu.fr\/\" target=\"_blank\">F<\/a><a rel=\"noreferrer noopener\" href=\"https:\/\/fsu73.fsu.fr\/action-ap_20-mars_2023\/\" target=\"_blank\">SU 73<\/a><\/li>\n<\/ul>\n<\/li>\n<\/ul>\n<\/div><\/div>\n\n\n\n<p class=\"has-text-align-center\"><img loading=\"lazy\" decoding=\"async\" width=\"300\" height=\"424\" class=\"wp-image-7304\" style=\"width: 300px;\" src=\"http:\/\/snasub-fsu-grenoble.fr\/wp-content\/uploads\/2023\/03\/FSU_21_MARS_manif_aux_flambeaux-page-001.jpg\" alt=\"\" srcset=\"https:\/\/snasub-fsu-grenoble.fr\/wp-content\/uploads\/2023\/03\/FSU_21_MARS_manif_aux_flambeaux-page-001.jpg 1240w, https:\/\/snasub-fsu-grenoble.fr\/wp-content\/uploads\/2023\/03\/FSU_21_MARS_manif_aux_flambeaux-page-001-212x300.jpg 212w, https:\/\/snasub-fsu-grenoble.fr\/wp-content\/uploads\/2023\/03\/FSU_21_MARS_manif_aux_flambeaux-page-001-724x1024.jpg 724w, https:\/\/snasub-fsu-grenoble.fr\/wp-content\/uploads\/2023\/03\/FSU_21_MARS_manif_aux_flambeaux-page-001-768x1086.jpg 768w, https:\/\/snasub-fsu-grenoble.fr\/wp-content\/uploads\/2023\/03\/FSU_21_MARS_manif_aux_flambeaux-page-001-1086x1536.jpg 1086w\" sizes=\"auto, (max-width: 300px) 100vw, 300px\" \/>   <img loading=\"lazy\" decoding=\"async\" width=\"300\" height=\"424\" class=\"wp-image-7305\" style=\"width: 300px;\" src=\"http:\/\/snasub-fsu-grenoble.fr\/wp-content\/uploads\/2023\/03\/FSU73_23_MARS_provocation_de_trop-page-001.jpg\" alt=\"\" srcset=\"https:\/\/snasub-fsu-grenoble.fr\/wp-content\/uploads\/2023\/03\/FSU73_23_MARS_provocation_de_trop-page-001.jpg 1240w, https:\/\/snasub-fsu-grenoble.fr\/wp-content\/uploads\/2023\/03\/FSU73_23_MARS_provocation_de_trop-page-001-212x300.jpg 212w, https:\/\/snasub-fsu-grenoble.fr\/wp-content\/uploads\/2023\/03\/FSU73_23_MARS_provocation_de_trop-page-001-724x1024.jpg 724w, https:\/\/snasub-fsu-grenoble.fr\/wp-content\/uploads\/2023\/03\/FSU73_23_MARS_provocation_de_trop-page-001-768x1086.jpg 768w, https:\/\/snasub-fsu-grenoble.fr\/wp-content\/uploads\/2023\/03\/FSU73_23_MARS_provocation_de_trop-page-001-1086x1536.jpg 1086w\" sizes=\"auto, (max-width: 300px) 100vw, 300px\" \/>   <img loading=\"lazy\" decoding=\"async\" width=\"300\" height=\"430\" class=\"wp-image-7306\" style=\"width: 300px;\" src=\"http:\/\/snasub-fsu-grenoble.fr\/wp-content\/uploads\/2023\/03\/FSU73-lycees.png\" alt=\"\" srcset=\"https:\/\/snasub-fsu-grenoble.fr\/wp-content\/uploads\/2023\/03\/FSU73-lycees.png 498w, https:\/\/snasub-fsu-grenoble.fr\/wp-content\/uploads\/2023\/03\/FSU73-lycees-210x300.png 210w\" sizes=\"auto, (max-width: 300px) 100vw, 300px\" \/><\/p>\n\n\n\n<h3 class=\"has-vivid-purple-color has-text-color has-medium-font-size wp-block-heading\"><strong><em>En Haute-Savoie :<\/em><\/strong><\/h3>\n\n\n\n<ul class=\"wp-block-list\">\n<li>ANNECY : 14h, Pr\u00e9fecture<\/li>\n\n\n\n<li>ANNEMASSE : 17h, Place de la Mairie<\/li>\n\n\n\n<li>CLUSES : 16h, Place des Allobroges<\/li>\n\n\n\n<li>SALLANCHES : 17h30, Place de la Mairie \n<ul class=\"wp-block-list\">\n<li>&#8211;&gt; Pour en savoir plus : <a href=\"https:\/\/fsu74.fsu.fr\/reforme-des-retraites-prochains-rdv-en-haute-savoie-samedi-18-et-jeudi-23-mars\/\" target=\"_blank\" rel=\"noreferrer noopener\">FSU 74<\/a><\/li>\n<\/ul>\n<\/li>\n<\/ul>\n\n\n\n<p class=\"has-text-align-center\"><img loading=\"lazy\" decoding=\"async\" width=\"350\" height=\"495\" class=\"wp-image-7307\" style=\"width: 350px;\" src=\"http:\/\/snasub-fsu-grenoble.fr\/wp-content\/uploads\/2023\/03\/FSU74TractActintersy23Mars2023-page-001.jpg\" alt=\"\" srcset=\"https:\/\/snasub-fsu-grenoble.fr\/wp-content\/uploads\/2023\/03\/FSU74TractActintersy23Mars2023-page-001.jpg 1240w, https:\/\/snasub-fsu-grenoble.fr\/wp-content\/uploads\/2023\/03\/FSU74TractActintersy23Mars2023-page-001-212x300.jpg 212w, https:\/\/snasub-fsu-grenoble.fr\/wp-content\/uploads\/2023\/03\/FSU74TractActintersy23Mars2023-page-001-724x1024.jpg 724w, https:\/\/snasub-fsu-grenoble.fr\/wp-content\/uploads\/2023\/03\/FSU74TractActintersy23Mars2023-page-001-768x1086.jpg 768w, https:\/\/snasub-fsu-grenoble.fr\/wp-content\/uploads\/2023\/03\/FSU74TractActintersy23Mars2023-page-001-1086x1536.jpg 1086w\" sizes=\"auto, (max-width: 350px) 100vw, 350px\" \/>      <img loading=\"lazy\" decoding=\"async\" width=\"350\" height=\"495\" class=\"wp-image-7309\" style=\"width: 350px;\" src=\"http:\/\/snasub-fsu-grenoble.fr\/wp-content\/uploads\/2023\/03\/fsu74-intersyndicale-17-mars-2023-page-001-1.jpg\" alt=\"\" srcset=\"https:\/\/snasub-fsu-grenoble.fr\/wp-content\/uploads\/2023\/03\/fsu74-intersyndicale-17-mars-2023-page-001-1.jpg 1240w, https:\/\/snasub-fsu-grenoble.fr\/wp-content\/uploads\/2023\/03\/fsu74-intersyndicale-17-mars-2023-page-001-1-212x300.jpg 212w, https:\/\/snasub-fsu-grenoble.fr\/wp-content\/uploads\/2023\/03\/fsu74-intersyndicale-17-mars-2023-page-001-1-724x1024.jpg 724w, https:\/\/snasub-fsu-grenoble.fr\/wp-content\/uploads\/2023\/03\/fsu74-intersyndicale-17-mars-2023-page-001-1-768x1086.jpg 768w, https:\/\/snasub-fsu-grenoble.fr\/wp-content\/uploads\/2023\/03\/fsu74-intersyndicale-17-mars-2023-page-001-1-1086x1536.jpg 1086w\" sizes=\"auto, (max-width: 350px) 100vw, 350px\" \/>  <\/p>\n","protected":false},"excerpt":{"rendered":"<p>Vos RDV en acad\u00e9mie du 18 au 23 mars : En Ard\u00e8che : En Dr\u00f4me : En Is\u00e8re : Mardi 21\/03 : GRENOBLE Place Hubert Dubedout, 19h manifestation aux flambeaux &hellip; <\/p>\n","protected":false},"author":1,"featured_media":0,"comment_status":"closed","ping_status":"open","sticky":false,"template":"","format":"standard","meta":{"footnotes":""},"categories":[91,22],"tags":[],"class_list":["post-7277","post","type-post","status-publish","format-standard","hentry","category-mobilisations-manifestations","category-preparer-sa-retraite"],"_links":{"self":[{"href":"https:\/\/snasub-fsu-grenoble.fr\/index.php?rest_route=\/wp\/v2\/posts\/7277","targetHints":{"allow":["GET"]}}],"collection":[{"href":"https:\/\/snasub-fsu-grenoble.fr\/index.php?rest_route=\/wp\/v2\/posts"}],"about":[{"href":"https:\/\/snasub-fsu-grenoble.fr\/index.php?rest_route=\/wp\/v2\/types\/post"}],"author":[{"embeddable":true,"href":"https:\/\/snasub-fsu-grenoble.fr\/index.php?rest_route=\/wp\/v2\/users\/1"}],"replies":[{"embeddable":true,"href":"https:\/\/snasub-fsu-grenoble.fr\/index.php?rest_route=%2Fwp%2Fv2%2Fcomments&post=7277"}],"version-history":[{"count":8,"href":"https:\/\/snasub-fsu-grenoble.fr\/index.php?rest_route=\/wp\/v2\/posts\/7277\/revisions"}],"predecessor-version":[{"id":7372,"href":"https:\/\/snasub-fsu-grenoble.fr\/index.php?rest_route=\/wp\/v2\/posts\/7277\/revisions\/7372"}],"wp:attachment":[{"href":"https:\/\/snasub-fsu-grenoble.fr\/index.php?rest_route=%2Fwp%2Fv2%2Fmedia&parent=7277"}],"wp:term":[{"taxonomy":"category","embeddable":true,"href":"https:\/\/snasub-fsu-grenoble.fr\/index.php?rest_route=%2Fwp%2Fv2%2Fcategories&post=7277"},{"taxonomy":"post_tag","embeddable":true,"href":"https:\/\/snasub-fsu-grenoble.fr\/index.php?rest_route=%2Fwp%2Fv2%2Ftags&post=7277"}],"curies":[{"name":"wp","href":"https:\/\/api.w.org\/{rel}","templated":true}]}}