{"id":7341,"date":"2023-03-23T22:25:00","date_gmt":"2023-03-23T21:25:00","guid":{"rendered":"https:\/\/snasub-fsu-grenoble.fr\/?p=7341"},"modified":"2023-04-21T15:06:16","modified_gmt":"2023-04-21T13:06:16","slug":"la-mobilisation-sociale-saccentue-cest-lheure-du-retrait","status":"publish","type":"post","link":"https:\/\/snasub-fsu-grenoble.fr\/?p=7341","title":{"rendered":"La mobilisation sociale s&rsquo;accentue, c&rsquo;est l&rsquo;heure du retrait ! <br>Le 28 mars, ne l\u00e2chons rien !"},"content":{"rendered":"<div class=\"wp-block-image\">\n<figure class=\"aligncenter size-large is-resized\"><img loading=\"lazy\" decoding=\"async\" src=\"https:\/\/snasub-fsu-grenoble.fr\/wp-content\/uploads\/2023\/03\/CP-23-mars-intersyndical-1-724x1024.jpg\" alt=\"\" class=\"wp-image-7343\" width=\"648\" height=\"916\" srcset=\"https:\/\/snasub-fsu-grenoble.fr\/wp-content\/uploads\/2023\/03\/CP-23-mars-intersyndical-1-724x1024.jpg 724w, https:\/\/snasub-fsu-grenoble.fr\/wp-content\/uploads\/2023\/03\/CP-23-mars-intersyndical-1-212x300.jpg 212w, https:\/\/snasub-fsu-grenoble.fr\/wp-content\/uploads\/2023\/03\/CP-23-mars-intersyndical-1-768x1086.jpg 768w, https:\/\/snasub-fsu-grenoble.fr\/wp-content\/uploads\/2023\/03\/CP-23-mars-intersyndical-1-1086x1536.jpg 1086w, https:\/\/snasub-fsu-grenoble.fr\/wp-content\/uploads\/2023\/03\/CP-23-mars-intersyndical-1.jpg 1241w\" sizes=\"auto, (max-width: 648px) 100vw, 648px\" \/><\/figure>\n<\/div>\n\n\n<p class=\"has-text-align-center has-cyan-bluish-gray-color has-text-color\"><em><strong>Communiqu\u00e9 \u00e0 t\u00e9l\u00e9charger pour diffuser et appeler \u00e0 nous rejoindre dans la rue le 28 mars : <\/strong><\/em><a rel=\"noreferrer noopener\" href=\"http:\/\/snasub-fsu-grenoble.fr\/wp-content\/uploads\/2023\/03\/CP-23-mars-intersyndical.pdf\" target=\"_blank\"><strong>Communiqu\u00e9 intersyndical 28\/03\/23<\/strong><\/a><\/p>\n\n\n\n<p><\/p>\n\n\n\n<p><\/p>\n\n\n\n<h3 class=\"has-text-align-center has-luminous-vivid-orange-color has-text-color wp-block-heading\"><strong>Les manifestations et actions pr\u00e9vues le 28 mars dans les d\u00e9partements de notre acad\u00e9mie :<\/strong><\/h3>\n\n\n\n<p><\/p>\n\n\n\n<h3 class=\"has-vivid-cyan-blue-color has-text-color has-medium-font-size wp-block-heading\"><strong><em>En Ard\u00e8che :<\/em><\/strong><\/h3>\n\n\n\n<ul class=\"wp-block-list\">\n<li>ANNONAY : 14h30, gare routi\u00e8re<kbd> <\/kbd><\/li>\n\n\n\n<li>AUBENAS : 14h, rond-point Pinson <\/li>\n\n\n\n<li>LE CHEYLARD : 14h, mairie <\/li>\n\n\n\n<li>PRIVAS : 10h, Tribunal judiciaire <\/li>\n\n\n\n<li>TOURNON-SUR-RHONE : 11h, square du souvenir fran\u00e7ais\n<ul class=\"wp-block-list\">\n<li>&#8211;> Pour en savoir plus : <a rel=\"noreferrer noopener\" href=\"https:\/\/fsu07.fsu.fr\/28mars2023\/\" target=\"_blank\">FSU 07<\/a><\/li>\n<\/ul>\n<\/li>\n<\/ul>\n\n\n\n<h3 class=\"has-vivid-red-color has-text-color has-medium-font-size wp-block-heading\"><strong><em>En Dr\u00f4me :<\/em><\/strong><\/h3>\n\n\n\n<ul class=\"wp-block-list\">\n<li>CREST : 10h, gare<\/li>\n\n\n\n<li>MONT\u00c9LIMAR : 14h, rond-point du Soleil Levant <\/li>\n\n\n\n<li>NYONS : 10h, sous-pr\u00e9fecture<\/li>\n\n\n\n<li>ROMANS-SUR-IS\u00c8RE :  10h, place Jules Nadi<\/li>\n\n\n\n<li>VALENCE : 14h30, place Latour-Maubourg \n<ul class=\"wp-block-list\">\n<li>&#8211;> Pour en savoir plus : <a href=\"https:\/\/fsu26.fsu.fr\/23-mars-on-ne-lache-rien\/\" target=\"_blank\" rel=\"noreferrer noopener\">FSU 26<\/a><\/li>\n<\/ul>\n<\/li>\n<\/ul>\n\n\n\n<p><\/p>\n\n\n\n<h3 class=\"has-vivid-green-cyan-color has-text-color has-medium-font-size wp-block-heading\"><strong><em>En Is\u00e8re :<\/em><\/strong><\/h3>\n\n\n\n<ul class=\"wp-block-list\">\n<li>BOURGOIN-JALLIEU : 10h, place Saint-Michel<\/li>\n\n\n\n<li>GRENOBLE : 10h, casserolade d\u00e9ambulatoire dans les quartiers Villeneuve\/Malherbe\/Village Olympique\/Vigny-Musset puis 14h, Gare (rdv carrefour Alsace-Lorraine pour le cort\u00e8ge FSU) <\/li>\n\n\n\n<li>MONESTIER-DE-CLERMONT : 10h, Col du Fau<\/li>\n\n\n\n<li>SAINT-QUENTIN-FALLAVIER : 13h30, parking face au p\u00e9age de SQF <\/li>\n\n\n\n<li>SAINT-MARCELLIN : 15h, Champ de Mars<\/li>\n\n\n\n<li>VIENNE : 14h, gare routi\u00e8re Champ de Mars\n<ul class=\"wp-block-list\">\n<li>&#8211;&gt; Pour en savoir plus : <a rel=\"noreferrer noopener\" href=\"https:\/\/fsu38.fsu.fr\/retraites-pas-dallongement\/\" target=\"_blank\">FSU 38<\/a> et l&rsquo;agenda de toutes les mobilisations en Is\u00e8re sur l&rsquo;agenda militant <a href=\"https:\/\/38.demosphere.net\/\">D\u00e9mosph\u00e8re<\/a><\/li>\n<\/ul>\n<\/li>\n<\/ul>\n\n\n\n<p><\/p>\n\n\n\n<h3 class=\"has-luminous-vivid-amber-color has-text-color has-medium-font-size wp-block-heading\"><strong><em>En Savoie :<\/em><\/strong><\/h3>\n\n\n\n<ul class=\"wp-block-list\">\n<li>CHAMBERY : 14h, place du Palais de Justice<\/li>\n\n\n\n<li>SAINT-JEAN-DE-MAURIENNE : 10h, Champ de Foire\n<ul class=\"wp-block-list\">\n<li>&#8211;&gt; Pour en savoir plus : <a href=\"https:\/\/fsu73.fsu.fr\/manif-le-28-mars-2023\/\" target=\"_blank\" rel=\"noreferrer noopener\">FSU 73<\/a><\/li>\n<\/ul>\n<\/li>\n<\/ul>\n\n\n\n<p><\/p>\n\n\n\n<h3 class=\"has-vivid-purple-color has-text-color has-medium-font-size wp-block-heading\"><strong><em>En Haute-Savoie :<\/em><\/strong><\/h3>\n\n\n\n<ul class=\"wp-block-list\">\n<li>ANNECY : 14h, Pr\u00e9fecture<\/li>\n\n\n\n<li>ANNEMASSE : 17h, Place de la Mairie<\/li>\n\n\n\n<li>CLUSES : 16h, Place des Allobroges<\/li>\n\n\n\n<li>SALLANCHES : 15h, Place Charles Albert puis 17h, Mairie<\/li>\n\n\n\n<li>THONON-LES-BAINS : 17h30, Place des Arts \n<ul class=\"wp-block-list\">\n<li>&#8211;&gt; Pour en savoir plus : <a href=\"https:\/\/fsu74.fsu.fr\/reforme-des-retraites-prochains-rdv-en-haute-savoie-samedi-25-et-mardi-28-mars\/\" target=\"_blank\" rel=\"noreferrer noopener\">FSU 74<\/a><\/li>\n<\/ul>\n<\/li>\n<\/ul>\n","protected":false},"excerpt":{"rendered":"<p>Communiqu\u00e9 \u00e0 t\u00e9l\u00e9charger pour diffuser et appeler \u00e0 nous rejoindre dans la rue le 28 mars : Communiqu\u00e9 intersyndical 28\/03\/23 Les manifestations et actions pr\u00e9vues le 28 mars dans les &hellip; <\/p>\n","protected":false},"author":1,"featured_media":0,"comment_status":"closed","ping_status":"open","sticky":false,"template":"","format":"standard","meta":{"footnotes":""},"categories":[92,91,22],"tags":[],"class_list":["post-7341","post","type-post","status-publish","format-standard","hentry","category-actualites","category-mobilisations-manifestations","category-preparer-sa-retraite"],"_links":{"self":[{"href":"https:\/\/snasub-fsu-grenoble.fr\/index.php?rest_route=\/wp\/v2\/posts\/7341","targetHints":{"allow":["GET"]}}],"collection":[{"href":"https:\/\/snasub-fsu-grenoble.fr\/index.php?rest_route=\/wp\/v2\/posts"}],"about":[{"href":"https:\/\/snasub-fsu-grenoble.fr\/index.php?rest_route=\/wp\/v2\/types\/post"}],"author":[{"embeddable":true,"href":"https:\/\/snasub-fsu-grenoble.fr\/index.php?rest_route=\/wp\/v2\/users\/1"}],"replies":[{"embeddable":true,"href":"https:\/\/snasub-fsu-grenoble.fr\/index.php?rest_route=%2Fwp%2Fv2%2Fcomments&post=7341"}],"version-history":[{"count":10,"href":"https:\/\/snasub-fsu-grenoble.fr\/index.php?rest_route=\/wp\/v2\/posts\/7341\/revisions"}],"predecessor-version":[{"id":7390,"href":"https:\/\/snasub-fsu-grenoble.fr\/index.php?rest_route=\/wp\/v2\/posts\/7341\/revisions\/7390"}],"wp:attachment":[{"href":"https:\/\/snasub-fsu-grenoble.fr\/index.php?rest_route=%2Fwp%2Fv2%2Fmedia&parent=7341"}],"wp:term":[{"taxonomy":"category","embeddable":true,"href":"https:\/\/snasub-fsu-grenoble.fr\/index.php?rest_route=%2Fwp%2Fv2%2Fcategories&post=7341"},{"taxonomy":"post_tag","embeddable":true,"href":"https:\/\/snasub-fsu-grenoble.fr\/index.php?rest_route=%2Fwp%2Fv2%2Ftags&post=7341"}],"curies":[{"name":"wp","href":"https:\/\/api.w.org\/{rel}","templated":true}]}}