{"id":7431,"date":"2023-04-04T17:05:01","date_gmt":"2023-04-04T15:05:01","guid":{"rendered":"https:\/\/snasub-fsu-grenoble.fr\/?p=7431"},"modified":"2023-07-09T10:56:02","modified_gmt":"2023-07-09T08:56:02","slug":"csa-academique-du-3-avril-2023-compte-rendu-de-seance","status":"publish","type":"post","link":"https:\/\/snasub-fsu-grenoble.fr\/?p=7431","title":{"rendered":"CSA acad\u00e9mique du 3 avril 2023 &#8211; Compte-rendu de s\u00e9ance"},"content":{"rendered":"\n<p>Quand on conna\u00eet la mesure de la mobilisation actuelle contre la r\u00e9forme des retraites que Macron a fait passer en force, se r\u00e9unir avec les repr\u00e9sentants de l&rsquo;administration de notre acad\u00e9mie pour parler de dialogue social en acad\u00e9mie lorsqu&rsquo;il est inexistant, c&rsquo;\u00e9tait inenvisageable pour la FSU qui a choisi de boycotter cette instance du 27 mars dernier.<\/p>\n\n\n\n<p>Le CSA de repli s&rsquo;est donc tenu hier, voici ci-dessous la d\u00e9claration liminaire de la FSU ainsi que le compte-rendu de notre secr\u00e9taire acad\u00e9mique, \u00e9lue en CSA :<\/p>\n\n\n\n<div data-wp-interactive=\"core\/file\" class=\"wp-block-file\"><object data-wp-bind--hidden=\"!state.hasPdfPreview\" hidden class=\"wp-block-file__embed\" data=\"http:\/\/snasub-fsu-grenoble.fr\/wp-content\/uploads\/2023\/04\/CR-SNASUB-FSU-CSA-3-04-2023.pdf\" type=\"application\/pdf\" style=\"width:100%;height:600px\" aria-label=\"Contenu embarqu\u00e9 CR-SNASUB-FSU-CSA-3-04-2023.\"><\/object><a id=\"wp-block-file--media-daa3e287-3735-4c54-8e35-06559c0bda67\" href=\"http:\/\/snasub-fsu-grenoble.fr\/wp-content\/uploads\/2023\/04\/CR-SNASUB-FSU-CSA-3-04-2023.pdf\" target=\"_blank\" rel=\"noreferrer noopener\">CR-SNASUB-FSU-CSA-3-04-2023<\/a><a href=\"http:\/\/snasub-fsu-grenoble.fr\/wp-content\/uploads\/2023\/04\/CR-SNASUB-FSU-CSA-3-04-2023.pdf\" class=\"wp-block-file__button wp-element-button\" download aria-describedby=\"wp-block-file--media-daa3e287-3735-4c54-8e35-06559c0bda67\">T\u00e9l\u00e9charger<\/a><\/div>\n\n\n\n<div data-wp-interactive=\"core\/file\" class=\"wp-block-file\"><object data-wp-bind--hidden=\"!state.hasPdfPreview\" hidden class=\"wp-block-file__embed\" data=\"http:\/\/snasub-fsu-grenoble.fr\/wp-content\/uploads\/2023\/04\/DL-FSU-CSA-A-3-04-2023.pdf\" type=\"application\/pdf\" style=\"width:100%;height:600px\" aria-label=\"Contenu embarqu\u00e9 DL FSU CSA A 3-04-2023.\"><\/object><a id=\"wp-block-file--media-50a9d384-4158-4a03-acf8-262c98864095\" href=\"http:\/\/snasub-fsu-grenoble.fr\/wp-content\/uploads\/2023\/04\/DL-FSU-CSA-A-3-04-2023.pdf\" target=\"_blank\" rel=\"noreferrer noopener\">DL FSU CSA A 3-04-2023<\/a><a href=\"http:\/\/snasub-fsu-grenoble.fr\/wp-content\/uploads\/2023\/04\/DL-FSU-CSA-A-3-04-2023.pdf\" class=\"wp-block-file__button wp-element-button\" download aria-describedby=\"wp-block-file--media-50a9d384-4158-4a03-acf8-262c98864095\">T\u00e9l\u00e9charger<\/a><\/div>\n\n\n\n<figure class=\"wp-block-table has-small-font-size\"><table class=\"has-fixed-layout\"><tbody><tr><td class=\"has-text-align-right\" data-align=\"right\">Pour acc\u00e9der au compte-rendu en t\u00e9l\u00e9chargement, cliquer sur le lien :<\/td><td><a href=\"http:\/\/snasub-fsu-grenoble.fr\/wp-content\/uploads\/2023\/04\/CR-SNASUB-FSU-CSA-3-04-2023.pdf\" target=\"_blank\" rel=\"noreferrer noopener\">Compte-rendu CSA 3 avril 23<\/a><\/td><\/tr><tr><td class=\"has-text-align-right\" data-align=\"right\">Pour acc\u00e9der \u00e0 la d\u00e9claration liminaire en t\u00e9l\u00e9chargement, cliquer sur le lien :<\/td><td><a href=\"http:\/\/snasub-fsu-grenoble.fr\/wp-content\/uploads\/2023\/04\/DL-FSU-CSA-A-3-04-2023.pdf\" target=\"_blank\" rel=\"noreferrer noopener\">DL CSA du 3 avril 23<\/a><\/td><\/tr><tr><td class=\"has-text-align-right\" data-align=\"right\">Document pr\u00e9vision de Rentr\u00e9e 2023<\/td><td><a rel=\"noreferrer noopener\" href=\"http:\/\/snasub-fsu-grenoble.fr\/wp-content\/uploads\/2023\/04\/R23_postes-administratifs.pdf\" target=\"_blank\">Document pr\u00e9paratoire<\/a><\/td><\/tr><\/tbody><\/table><\/figure>\n\n\n\n<p>Pour toute question, le SNASUB-FSU reste \u00e0 votre \u00e9coute : snasub.fsu38@wanadoo.fr ou via le <a rel=\"noreferrer noopener\" href=\"http:\/\/snasub-fsu-grenoble.fr\/?page_id=2475\" target=\"_blank\">formulaire de contact<\/a><\/p>\n\n\n\n<div data-wp-interactive=\"core\/file\" class=\"wp-block-file\"><object data-wp-bind--hidden=\"!state.hasPdfPreview\" hidden class=\"wp-block-file__embed\" data=\"https:\/\/snasub-fsu-grenoble.fr\/wp-content\/uploads\/2023\/04\/R23_postes-administratifs.pdf\" type=\"application\/pdf\" style=\"width:100%;height:600px\" aria-label=\"Contenu embarqu\u00e9 R23_postes-administratifs.\"><\/object><a id=\"wp-block-file--media-fa1d0a12-407d-4323-81b7-0838d08c1a28\" href=\"https:\/\/snasub-fsu-grenoble.fr\/wp-content\/uploads\/2023\/04\/R23_postes-administratifs.pdf\">R23_postes-administratifs<\/a><a href=\"https:\/\/snasub-fsu-grenoble.fr\/wp-content\/uploads\/2023\/04\/R23_postes-administratifs.pdf\" class=\"wp-block-file__button wp-element-button\" download aria-describedby=\"wp-block-file--media-fa1d0a12-407d-4323-81b7-0838d08c1a28\">T\u00e9l\u00e9charger<\/a><\/div>\n","protected":false},"excerpt":{"rendered":"<p>Quand on conna\u00eet la mesure de la mobilisation actuelle contre la r\u00e9forme des retraites que Macron a fait passer en force, se r\u00e9unir avec les repr\u00e9sentants de l&rsquo;administration de notre &hellip; <\/p>\n","protected":false},"author":1,"featured_media":0,"comment_status":"closed","ping_status":"open","sticky":false,"template":"","format":"standard","meta":{"footnotes":""},"categories":[92,14,84],"tags":[],"class_list":["post-7431","post","type-post","status-publish","format-standard","hentry","category-actualites","category-cta","category-organisation-du-travail"],"_links":{"self":[{"href":"https:\/\/snasub-fsu-grenoble.fr\/index.php?rest_route=\/wp\/v2\/posts\/7431","targetHints":{"allow":["GET"]}}],"collection":[{"href":"https:\/\/snasub-fsu-grenoble.fr\/index.php?rest_route=\/wp\/v2\/posts"}],"about":[{"href":"https:\/\/snasub-fsu-grenoble.fr\/index.php?rest_route=\/wp\/v2\/types\/post"}],"author":[{"embeddable":true,"href":"https:\/\/snasub-fsu-grenoble.fr\/index.php?rest_route=\/wp\/v2\/users\/1"}],"replies":[{"embeddable":true,"href":"https:\/\/snasub-fsu-grenoble.fr\/index.php?rest_route=%2Fwp%2Fv2%2Fcomments&post=7431"}],"version-history":[{"count":5,"href":"https:\/\/snasub-fsu-grenoble.fr\/index.php?rest_route=\/wp\/v2\/posts\/7431\/revisions"}],"predecessor-version":[{"id":7441,"href":"https:\/\/snasub-fsu-grenoble.fr\/index.php?rest_route=\/wp\/v2\/posts\/7431\/revisions\/7441"}],"wp:attachment":[{"href":"https:\/\/snasub-fsu-grenoble.fr\/index.php?rest_route=%2Fwp%2Fv2%2Fmedia&parent=7431"}],"wp:term":[{"taxonomy":"category","embeddable":true,"href":"https:\/\/snasub-fsu-grenoble.fr\/index.php?rest_route=%2Fwp%2Fv2%2Fcategories&post=7431"},{"taxonomy":"post_tag","embeddable":true,"href":"https:\/\/snasub-fsu-grenoble.fr\/index.php?rest_route=%2Fwp%2Fv2%2Ftags&post=7431"}],"curies":[{"name":"wp","href":"https:\/\/api.w.org\/{rel}","templated":true}]}}