{"id":7513,"date":"2023-04-11T08:52:17","date_gmt":"2023-04-11T06:52:17","guid":{"rendered":"https:\/\/snasub-fsu-grenoble.fr\/?p=7513"},"modified":"2023-04-20T15:25:15","modified_gmt":"2023-04-20T13:25:15","slug":"on-insiste-on-persiste-on-resiste-engage-es-toujours-pour-gagner-le-retrait","status":"publish","type":"post","link":"https:\/\/snasub-fsu-grenoble.fr\/?p=7513","title":{"rendered":"Le 13 avril, on insiste, on persiste, on r\u00e9siste ! ENGAGE.ES, toujours, pour GAGNER le retrait !"},"content":{"rendered":"\n<div class=\"wp-block-group\"><div class=\"wp-block-group__inner-container is-layout-constrained wp-block-group-is-layout-constrained\">\n<p class=\"has-text-align-left\"><strong>Malgr\u00e9 une mobilisation qui aura encore r\u00e9uni plus de 2 millions de manifestant<\/strong><strong>\u22c5<\/strong><strong>es le jeudi 6 avril dernier,<\/strong> le Pr\u00e9sident de la R\u00e9publique s&rsquo;enferre dans son refus d&rsquo;acc\u00e9der \u00e0 la majorit\u00e9 des opinions concernant son projet de r\u00e9forme des retraites.<\/p>\n\n\n\n<p><strong>Il s&rsquo;agit-l\u00e0 d&rsquo;une volont\u00e9 de passage en force qui d\u00e9fie une certaine rationalit\u00e9 politique<\/strong> et qui est bien \u00e0 l&rsquo;image du \u00ab\u00a0cheminement\u00a0\u00bb parlementaire emprunt\u00e9 (dont l&rsquo;utilisation du 49.3), comme si cette r\u00e9forme ne devait jamais \u00eatre compl\u00e8tement d\u00e9battue ni m\u00eame vot\u00e9e avant d&rsquo;\u00eatre impos\u00e9e, peut-\u00eatre.<\/p>\n\n\n\n<p><strong>Pas plus au Parlement,<\/strong> finalement, que lors de la r\u00e9cente audience accord\u00e9e par la Premi\u00e8re Ministre aux repr\u00e9sentant\u22c5es de l&rsquo;intersyndicale&#8230;<\/p>\n\n\n\n<p><strong>Il n&rsquo;y a donc aucune raison, du coup,<\/strong> \u00e0 ce que la n\u00e9cessaire mobilisation des travailleurs et des travailleuses, des jeunes et des moins jeunes s&rsquo;interrompe.<\/p>\n\n\n\n<p><strong>Le Conseil constitutionnel,<\/strong> saisi par des parlementaires, rendra sa d\u00e9cision cette semaine : loi conforme \u00e0 la Constitution ou pas ? Bon fonctionnement de la vie parlementaire lors de son cheminement ou pas ? Nous verrons sa d\u00e9cision.<\/p>\n\n\n\n<p>En tout \u00e9tat de cause, <strong>nos manifestations et notre refus de la r\u00e9gression sociale<\/strong> <strong>programm\u00e9e<\/strong> doivent continuer de s&rsquo;exprimer, massivement !<\/p>\n\n\n\n<p class=\"has-text-align-left\"><strong>Tout le monde n&rsquo;a pas encore ni d\u00e9bray\u00e9, ni manifest\u00e9 !<\/strong><\/p>\n\n\n\n<p class=\"has-text-align-center has-medium-font-size\"><strong><mark style=\"background-color:rgba(0, 0, 0, 0)\" class=\"has-inline-color has-vivid-green-cyan-color\">NON aux 64 ans ! NON aux 43 annuit\u00e9s de cotisation&#8230;<\/mark><\/strong><\/p>\n\n\n\n<p class=\"has-text-align-center has-medium-font-size\"><strong><mark style=\"background-color:rgba(0, 0, 0, 0)\" class=\"has-inline-color has-vivid-cyan-blue-color\">RETRAIT de la r\u00e9forme Macron des retraites !<\/mark><\/strong><\/p>\n\n\n\n<p class=\"has-text-align-center has-large-font-size\"><a rel=\"noreferrer noopener\" href=\"https:\/\/snasub.fsu.fr\/communique-intersyndical-toujours-nombreuses-et-nombreux-determine-e-s-a-gagner-le-retrait\/\" target=\"_blank\">&nbsp;<strong>\u00c0 l&rsquo;appel de l&rsquo;intersyndicale&#8230;<\/strong><\/a> <strong><mark style=\"background-color:rgba(0, 0, 0, 0)\" class=\"has-inline-color has-luminous-vivid-orange-color\">CE JEUDI 13 AVRIL 2023<\/mark><\/strong><\/p>\n\n\n\n<p class=\"has-text-align-center has-vivid-red-color has-text-color has-medium-font-size\"><strong>TOUTES ET TOUS EN GR\u00c8VE ET<\/strong> <strong>DANS LES MANIFESTATIONS UNITAIRES !<\/strong><\/p>\n<\/div><\/div>\n","protected":false},"excerpt":{"rendered":"<p>Malgr\u00e9 une mobilisation qui aura encore r\u00e9uni plus de 2 millions de manifestant\u22c5es le jeudi 6 avril dernier, le Pr\u00e9sident de la R\u00e9publique s&rsquo;enferre dans son refus d&rsquo;acc\u00e9der \u00e0 la &hellip; <\/p>\n","protected":false},"author":1,"featured_media":0,"comment_status":"closed","ping_status":"open","sticky":false,"template":"","format":"standard","meta":{"footnotes":""},"categories":[92,91,22],"tags":[],"class_list":["post-7513","post","type-post","status-publish","format-standard","hentry","category-actualites","category-mobilisations-manifestations","category-preparer-sa-retraite"],"_links":{"self":[{"href":"https:\/\/snasub-fsu-grenoble.fr\/index.php?rest_route=\/wp\/v2\/posts\/7513","targetHints":{"allow":["GET"]}}],"collection":[{"href":"https:\/\/snasub-fsu-grenoble.fr\/index.php?rest_route=\/wp\/v2\/posts"}],"about":[{"href":"https:\/\/snasub-fsu-grenoble.fr\/index.php?rest_route=\/wp\/v2\/types\/post"}],"author":[{"embeddable":true,"href":"https:\/\/snasub-fsu-grenoble.fr\/index.php?rest_route=\/wp\/v2\/users\/1"}],"replies":[{"embeddable":true,"href":"https:\/\/snasub-fsu-grenoble.fr\/index.php?rest_route=%2Fwp%2Fv2%2Fcomments&post=7513"}],"version-history":[{"count":2,"href":"https:\/\/snasub-fsu-grenoble.fr\/index.php?rest_route=\/wp\/v2\/posts\/7513\/revisions"}],"predecessor-version":[{"id":7529,"href":"https:\/\/snasub-fsu-grenoble.fr\/index.php?rest_route=\/wp\/v2\/posts\/7513\/revisions\/7529"}],"wp:attachment":[{"href":"https:\/\/snasub-fsu-grenoble.fr\/index.php?rest_route=%2Fwp%2Fv2%2Fmedia&parent=7513"}],"wp:term":[{"taxonomy":"category","embeddable":true,"href":"https:\/\/snasub-fsu-grenoble.fr\/index.php?rest_route=%2Fwp%2Fv2%2Fcategories&post=7513"},{"taxonomy":"post_tag","embeddable":true,"href":"https:\/\/snasub-fsu-grenoble.fr\/index.php?rest_route=%2Fwp%2Fv2%2Ftags&post=7513"}],"curies":[{"name":"wp","href":"https:\/\/api.w.org\/{rel}","templated":true}]}}