{"id":753,"date":"2020-02-05T16:09:58","date_gmt":"2020-02-05T15:09:58","guid":{"rendered":"http:\/\/snasub-fsu-grenoble.fr\/?p=753"},"modified":"2020-02-14T15:20:33","modified_gmt":"2020-02-14T14:20:33","slug":"retraites-les-fonctionnaires-sortiront-ils-gagnants-ou-perdants-de-la-pluie-damendements","status":"publish","type":"post","link":"https:\/\/snasub-fsu-grenoble.fr\/?p=753","title":{"rendered":"R\u00e9forme des retraites : pourquoi nous penchons vers un vote d\u00e9favorable"},"content":{"rendered":"\n<p>article de la gazette des communes <\/p>\n\n\n\n<p><a href=\"https:\/\/www.lagazettedescommunes.com\/663255\/reforme-des-retraites-pourquoi-nous-penchons-vers-un-vote-defavorable\/#utm_source=gm-club-rh&amp;utm_medium=Email&amp;utm_campaign=2020-02-14-alerte-email-club-rh&amp;email=martin-de-chamas.stephanie@wanadoo.fr&amp;xtor=EPR-20\">Publi\u00e9 le 14\/02\/2020 \u2022 Claude Domeizel, Pr\u00e9sident de la CNRACL et Philippe Laurent, Administrateur de l\u2019ERAFP expliquent dans cette tribune pourquoi ils en sont venus \u00e0 rejeter la r\u00e9forme des retraites propos\u00e9e par le gouvernement.<\/a><\/p>\n\n\n\n<h2 class=\"wp-block-heading\">Retraites : les fonctionnaires sortiront-ils gagnants ou perdants de la pluie d\u2019amendements ?<\/h2>\n\n\n\n<h2 class=\"wp-block-heading\"> Publi\u00e9 le 05\/02\/2020 \u2022 Par V\u00e9ronique Vigne-Lepage \u2022 source la gazette.fr<\/h2>\n\n\n\n<p> Une commission sp\u00e9ciale de l&rsquo;Assembl\u00e9e  nationale \u00e9tudie depuis le 3 f\u00e9vrier, le projet de loi sur la r\u00e9forme  des retraites, qui doit \u00eatre d\u00e9battu en s\u00e9ance publique du 17 au 28  f\u00e9vrier. Ses membres font face \u00e0 pr\u00e8s de 22 000 amendements. Si  quelques-uns portent sur des questions de fond, la majorit\u00e9 d&rsquo;entre eux  visent essentiellement \u00e0 bloquer l&rsquo;avanc\u00e9e du texte. <\/p>\n\n\n\n<p><\/p>\n\n\n\n<h2 class=\"wp-block-heading\"><\/h2>\n","protected":false},"excerpt":{"rendered":"<p>article de la gazette des communes Publi\u00e9 le 14\/02\/2020 \u2022 Claude Domeizel, Pr\u00e9sident de la CNRACL et Philippe Laurent, Administrateur de l\u2019ERAFP expliquent dans cette tribune pourquoi ils en sont &hellip; <\/p>\n","protected":false},"author":1,"featured_media":0,"comment_status":"closed","ping_status":"open","sticky":false,"template":"","format":"standard","meta":{"footnotes":""},"categories":[21],"tags":[],"class_list":["post-753","post","type-post","status-publish","format-standard","hentry","category-retraites"],"_links":{"self":[{"href":"https:\/\/snasub-fsu-grenoble.fr\/index.php?rest_route=\/wp\/v2\/posts\/753","targetHints":{"allow":["GET"]}}],"collection":[{"href":"https:\/\/snasub-fsu-grenoble.fr\/index.php?rest_route=\/wp\/v2\/posts"}],"about":[{"href":"https:\/\/snasub-fsu-grenoble.fr\/index.php?rest_route=\/wp\/v2\/types\/post"}],"author":[{"embeddable":true,"href":"https:\/\/snasub-fsu-grenoble.fr\/index.php?rest_route=\/wp\/v2\/users\/1"}],"replies":[{"embeddable":true,"href":"https:\/\/snasub-fsu-grenoble.fr\/index.php?rest_route=%2Fwp%2Fv2%2Fcomments&post=753"}],"version-history":[{"count":4,"href":"https:\/\/snasub-fsu-grenoble.fr\/index.php?rest_route=\/wp\/v2\/posts\/753\/revisions"}],"predecessor-version":[{"id":775,"href":"https:\/\/snasub-fsu-grenoble.fr\/index.php?rest_route=\/wp\/v2\/posts\/753\/revisions\/775"}],"wp:attachment":[{"href":"https:\/\/snasub-fsu-grenoble.fr\/index.php?rest_route=%2Fwp%2Fv2%2Fmedia&parent=753"}],"wp:term":[{"taxonomy":"category","embeddable":true,"href":"https:\/\/snasub-fsu-grenoble.fr\/index.php?rest_route=%2Fwp%2Fv2%2Fcategories&post=753"},{"taxonomy":"post_tag","embeddable":true,"href":"https:\/\/snasub-fsu-grenoble.fr\/index.php?rest_route=%2Fwp%2Fv2%2Ftags&post=753"}],"curies":[{"name":"wp","href":"https:\/\/api.w.org\/{rel}","templated":true}]}}