{"id":7530,"date":"2023-04-20T15:36:08","date_gmt":"2023-04-20T13:36:08","guid":{"rendered":"https:\/\/snasub-fsu-grenoble.fr\/?p=7530"},"modified":"2023-04-21T15:05:51","modified_gmt":"2023-04-21T13:05:51","slug":"la-bataille-des-retraites-quels-enjeux-pour-le-travail-la-sante-et-la-vie","status":"publish","type":"post","link":"https:\/\/snasub-fsu-grenoble.fr\/?p=7530","title":{"rendered":"La bataille des retraites\u00a0: quels enjeux pour le travail, la sant\u00e9&#8230; et la vie\u00a0?"},"content":{"rendered":"\n<p class=\"has-text-align-center\"><strong>L&rsquo;association Attac a organis\u00e9 un d\u00e9bat sur la bataille des retraites entam\u00e9e il y a 3 mois d\u00e9j\u00e0, en organisant un webinaire sur les enjeux de cette lutte contre la r\u00e9forme des retraites et sur la place du travail dans la soci\u00e9t\u00e9 actuelle. Un webinaire passionnant qui place cette lutte au coeur de notre soci\u00e9t\u00e9.<\/strong><\/p>\n\n\n\n<p>M\u00eame si les d\u00e9bats d\u00e9mocratiques fondamentaux concernent l&rsquo;\u00e2ge de d\u00e9part \u00e0 la retraite, la solidarit\u00e9 sociale, la r\u00e9partition des richesses, l\u2019\u00e9galit\u00e9 entre les hommes et les femmes, c&rsquo;est aussi et indissociablement, les conditions, le sens et la finalit\u00e9 du travail qui sont interrog\u00e9es. C\u2019est cette question du travail, et \u00e0 partir d\u2019elle les enjeux de la sant\u00e9 et de l\u2019\u00e9cologie, que l&rsquo;association Attac propose de mettre au centre de ce webinaire, \u00e0 partir de plusieurs points de perspective :<\/p>\n\n\n\n<p><em>Quelles \u00e9volutions du travail &#8211; salari\u00e9, domestique, b\u00e9n\u00e9vole &#8211; doivent \u00eatre prises en compte, et quelles propositions de d\u00e9mocratisation du travail peuvent \u00eatre mises en avant pour critiquer ce projet n\u00e9olib\u00e9ral et lui opposer une r\u00e9forme alternative des retraites, vers un syst\u00e8me plus juste, \u00e9galitaire et \u00e9mancipateur\u00a0<\/em>?<\/p>\n\n\n\n<p><em>A partir des exp\u00e9riences et des r\u00e9alit\u00e9s du travail, ne faut-il pas questionner radicalement la mani\u00e8re dont sont pos\u00e9s les termes du d\u00e9bat\u00a0: par exemple, que peut-on entendre par \u00ab\u00a0p\u00e9nibilit\u00e9\u00a0\u00bb (qui fait partie des th\u00e8mes mis en avant par le gouvernement \u00e0 l\u2019appui de sa contre-r\u00e9forme, alors m\u00eame qu\u2019en 2017, Macron avait supprim\u00e9 des crit\u00e8res fondamentaux de sa prise en compte), \u00ab\u00a0hors travail\u00a0\u00bb ou \u00ab\u00a0qualit\u00e9 de la vie\u00a0\u00bb\u00a0?<\/em><\/p>\n\n\n\n<p><em>Et comment concevoir un syst\u00e8me des retraites alternatif, compatible avec l\u2019am\u00e9lioration de la sant\u00e9 et de la qualit\u00e9 de vie des travailleuses et travailleurs, des usager\u00b7es et des habitant\u00b7es, une revalorisation du travail du care et un mod\u00e8le radicalement diff\u00e9rent de d\u00e9veloppement \u00e0 la hauteur des enjeux \u00e9cologiques et sociaux de la p\u00e9riode\u00a0?<\/em><\/p>\n\n\n\n<p><em>Avec\u00a0:<br><strong>Christine Castejon<\/strong>, analyste du travail<br><strong>Thomas Coutrot<\/strong>, \u00e9conomiste<br><strong>Marc Loriol<\/strong>, sociologue<br><strong>Pascale Molinier<\/strong>, psychologue<\/em><\/p>\n\n\n\n<p>Pour suivre ce webinaire, c&rsquo;est <a rel=\"noreferrer noopener\" href=\"https:\/\/www.youtube.com\/watch?v=SWGN2tOM6js\" target=\"_blank\">ICI<\/a> ou ci-dessous :<\/p>\n\n\n\n<figure class=\"wp-block-embed is-type-video is-provider-youtube wp-block-embed-youtube wp-embed-aspect-16-9 wp-has-aspect-ratio\"><div class=\"wp-block-embed__wrapper\">\n<iframe loading=\"lazy\" title=\"Live : la bataille des retraites, quels enjeux pour le travail, la sant\u00e9\u2026 et la vie ?\" width=\"930\" height=\"523\" src=\"https:\/\/www.youtube.com\/embed\/SWGN2tOM6js?feature=oembed\" frameborder=\"0\" allow=\"accelerometer; autoplay; clipboard-write; encrypted-media; gyroscope; picture-in-picture; web-share\" allowfullscreen><\/iframe>\n<\/div><\/figure>\n","protected":false},"excerpt":{"rendered":"<p>L&rsquo;association Attac a organis\u00e9 un d\u00e9bat sur la bataille des retraites entam\u00e9e il y a 3 mois d\u00e9j\u00e0, en organisant un webinaire sur les enjeux de cette lutte contre la &hellip; <\/p>\n","protected":false},"author":1,"featured_media":0,"comment_status":"closed","ping_status":"open","sticky":false,"template":"","format":"standard","meta":{"footnotes":""},"categories":[92,91,84],"tags":[],"class_list":["post-7530","post","type-post","status-publish","format-standard","hentry","category-actualites","category-mobilisations-manifestations","category-organisation-du-travail"],"_links":{"self":[{"href":"https:\/\/snasub-fsu-grenoble.fr\/index.php?rest_route=\/wp\/v2\/posts\/7530","targetHints":{"allow":["GET"]}}],"collection":[{"href":"https:\/\/snasub-fsu-grenoble.fr\/index.php?rest_route=\/wp\/v2\/posts"}],"about":[{"href":"https:\/\/snasub-fsu-grenoble.fr\/index.php?rest_route=\/wp\/v2\/types\/post"}],"author":[{"embeddable":true,"href":"https:\/\/snasub-fsu-grenoble.fr\/index.php?rest_route=\/wp\/v2\/users\/1"}],"replies":[{"embeddable":true,"href":"https:\/\/snasub-fsu-grenoble.fr\/index.php?rest_route=%2Fwp%2Fv2%2Fcomments&post=7530"}],"version-history":[{"count":1,"href":"https:\/\/snasub-fsu-grenoble.fr\/index.php?rest_route=\/wp\/v2\/posts\/7530\/revisions"}],"predecessor-version":[{"id":7531,"href":"https:\/\/snasub-fsu-grenoble.fr\/index.php?rest_route=\/wp\/v2\/posts\/7530\/revisions\/7531"}],"wp:attachment":[{"href":"https:\/\/snasub-fsu-grenoble.fr\/index.php?rest_route=%2Fwp%2Fv2%2Fmedia&parent=7530"}],"wp:term":[{"taxonomy":"category","embeddable":true,"href":"https:\/\/snasub-fsu-grenoble.fr\/index.php?rest_route=%2Fwp%2Fv2%2Fcategories&post=7530"},{"taxonomy":"post_tag","embeddable":true,"href":"https:\/\/snasub-fsu-grenoble.fr\/index.php?rest_route=%2Fwp%2Fv2%2Ftags&post=7530"}],"curies":[{"name":"wp","href":"https:\/\/api.w.org\/{rel}","templated":true}]}}