{"id":7705,"date":"2023-07-09T10:53:49","date_gmt":"2023-07-09T08:53:49","guid":{"rendered":"https:\/\/snasub-fsu-grenoble.fr\/?p=7705"},"modified":"2023-11-14T12:02:34","modified_gmt":"2023-11-14T11:02:34","slug":"cellule-de-rentree-2023","status":"publish","type":"post","link":"https:\/\/snasub-fsu-grenoble.fr\/?p=7705","title":{"rendered":"Cellule de rentr\u00e9e 2023"},"content":{"rendered":"\n<p>Les divisions de personnels administratifs (DPE\u00b0 et enseignants (DPE) seront \u00e0 la disposition des \u00e9tablissements pour r\u00e9pondre \u00e0 leurs questions li\u00e9es \u00e0 la rentr\u00e9e 2023 en pr\u00e9paration. Si vous avez des question en EPLE sur vos TRM et\/ou sur les remplacements attendus, vous pouvez contacter la platerforme d&rsquo;assistance via COLIBRIS : <a href=\"https:\/\/demarches-grenoble.colibris.education.gouv.fr\/services\/plateforme_echange_eple_services_deconcentres\/\" target=\"_blank\" rel=\"noreferrer noopener\">Plateforme EPLE\/seprvices d\u00e9concentr\u00e9s<\/a><\/p>\n\n\n\n<p class=\"has-text-align-center\"><mark style=\"background-color:rgba(0, 0, 0, 0)\" class=\"has-inline-color has-luminous-vivid-orange-color\"><strong>Elle sera ouverte du 17 au 21 juillet puis \u00e0 partir du 21 ao\u00fbt<\/strong><\/mark><\/p>\n\n\n\n<div data-wp-interactive=\"core\/file\" class=\"wp-block-file\"><object data-wp-bind--hidden=\"!state.hasPdfPreview\" hidden class=\"wp-block-file__embed\" data=\"https:\/\/snasub-fsu-grenoble.fr\/wp-content\/uploads\/2023\/07\/Cellule-de-rentree-2023.pdf\" type=\"application\/pdf\" style=\"width:100%;height:600px\" aria-label=\"Contenu embarqu\u00e9 Cellule-de-rentree-2023.\"><\/object><a id=\"wp-block-file--media-30673078-54f2-47e4-91e9-0e4f2f06b036\" href=\"https:\/\/snasub-fsu-grenoble.fr\/wp-content\/uploads\/2023\/07\/Cellule-de-rentree-2023.pdf\">Cellule-de-rentree-2023<\/a><a href=\"https:\/\/snasub-fsu-grenoble.fr\/wp-content\/uploads\/2023\/07\/Cellule-de-rentree-2023.pdf\" class=\"wp-block-file__button wp-element-button\" download aria-describedby=\"wp-block-file--media-30673078-54f2-47e4-91e9-0e4f2f06b036\">T\u00e9l\u00e9charger<\/a><\/div>\n","protected":false},"excerpt":{"rendered":"<p>Les divisions de personnels administratifs (DPE\u00b0 et enseignants (DPE) seront \u00e0 la disposition des \u00e9tablissements pour r\u00e9pondre \u00e0 leurs questions li\u00e9es \u00e0 la rentr\u00e9e 2023 en pr\u00e9paration. Si vous avez &hellip; <\/p>\n","protected":false},"author":1,"featured_media":0,"comment_status":"closed","ping_status":"open","sticky":false,"template":"","format":"standard","meta":{"footnotes":""},"categories":[124],"tags":[187,188,111,110,162],"class_list":["post-7705","post","type-post","status-publish","format-standard","hentry","category-eple","tag-colibris","tag-eple","tag-moyens","tag-rentree","tag-rentree-2023"],"_links":{"self":[{"href":"https:\/\/snasub-fsu-grenoble.fr\/index.php?rest_route=\/wp\/v2\/posts\/7705","targetHints":{"allow":["GET"]}}],"collection":[{"href":"https:\/\/snasub-fsu-grenoble.fr\/index.php?rest_route=\/wp\/v2\/posts"}],"about":[{"href":"https:\/\/snasub-fsu-grenoble.fr\/index.php?rest_route=\/wp\/v2\/types\/post"}],"author":[{"embeddable":true,"href":"https:\/\/snasub-fsu-grenoble.fr\/index.php?rest_route=\/wp\/v2\/users\/1"}],"replies":[{"embeddable":true,"href":"https:\/\/snasub-fsu-grenoble.fr\/index.php?rest_route=%2Fwp%2Fv2%2Fcomments&post=7705"}],"version-history":[{"count":1,"href":"https:\/\/snasub-fsu-grenoble.fr\/index.php?rest_route=\/wp\/v2\/posts\/7705\/revisions"}],"predecessor-version":[{"id":7707,"href":"https:\/\/snasub-fsu-grenoble.fr\/index.php?rest_route=\/wp\/v2\/posts\/7705\/revisions\/7707"}],"wp:attachment":[{"href":"https:\/\/snasub-fsu-grenoble.fr\/index.php?rest_route=%2Fwp%2Fv2%2Fmedia&parent=7705"}],"wp:term":[{"taxonomy":"category","embeddable":true,"href":"https:\/\/snasub-fsu-grenoble.fr\/index.php?rest_route=%2Fwp%2Fv2%2Fcategories&post=7705"},{"taxonomy":"post_tag","embeddable":true,"href":"https:\/\/snasub-fsu-grenoble.fr\/index.php?rest_route=%2Fwp%2Fv2%2Ftags&post=7705"}],"curies":[{"name":"wp","href":"https:\/\/api.w.org\/{rel}","templated":true}]}}