{"id":7895,"date":"2023-11-15T11:12:56","date_gmt":"2023-11-15T10:12:56","guid":{"rendered":"https:\/\/snasub-fsu-grenoble.fr\/?p=7895"},"modified":"2024-11-21T15:28:50","modified_gmt":"2024-11-21T14:28:50","slug":"conseil-commun-de-la-fonction-publique-ccfp","status":"publish","type":"post","link":"https:\/\/snasub-fsu-grenoble.fr\/?p=7895","title":{"rendered":"Conseil commun de la fonction publique &#8211; CCFP"},"content":{"rendered":"\n<p>Le CCFP s&rsquo;est tenu ce matin, pr\u00e9sid\u00e9 par le ministre Gu\u00e9rini. A la demande de l&rsquo;ensemble des OS, pr\u00e9alablement \u00e0 la discussion de l&rsquo;ordre du jour, un \u00e9change sur la situation salariale dans la FP a eu lieu.<\/p>\n\n\n\n<p>L&rsquo;ensemble des OS ont rappel\u00e9 que les mesures d\u00e9cid\u00e9es en juin dernier \u00e9taient notoirement insuffisantes, non seulement pour rattraper des ann\u00e9es de gel de la valeur du point d&rsquo;indice et le d\u00e9crochage des r\u00e9mun\u00e9rations des personnels ainsi cr\u00e9\u00e9, mais \u00e9galement pour ne serait-ce que pr\u00e9server les conditions de vie des agent-es dans le contexte inflationniste subi depuis deux ans.<\/p>\n\n\n\n<p>Toutes les OS ont qualifi\u00e9 d&rsquo;inacceptable le fait qu&rsquo;aujourd&rsquo;hui aucune mesure g\u00e9n\u00e9rale n&rsquo;est pr\u00e9vue pour 2024 et pr\u00e9cis\u00e9 que l&rsquo;engagement d&rsquo;ouvrir le sujet pour des effets en 2025 n&rsquo;\u00e9tait pas entendable compte-tenu de l&rsquo;urgence et de la situation de d\u00e9gradation actuelle.<\/p>\n\n\n\n<p>La FSU a illustr\u00e9, notamment, l&rsquo;incons\u00e9quence des mesures du juin dernier en mettant en \u00e9vidence les effets de la prime exceptionnelle de pouvoir d&rsquo;achat qui se traduit aussi par la baisse des montants d&rsquo;allocation CAF per\u00e7us ou sur les bourses pour l&rsquo;ann\u00e9e prochaine pour de nombreux coll\u00e8gues qui en sont b\u00e9n\u00e9ficiaires. Elle a rappel\u00e9 qu&rsquo;elle attendait une r\u00e9ponse rapide sur ce sujet.<\/p>\n\n\n\n<p>Faute de r\u00e9ponse du ministre en faveur de mesures g\u00e9n\u00e9rales pour 2024, l&rsquo;ensemble des OS ont quitt\u00e9 la s\u00e9ance du CCFP avant l&rsquo;\u00e9tude de son ordre du jour.<\/p>\n\n\n\n<p>Vous trouverez ci-dessous le communiqu\u00e9 commun envoy\u00e9 ce jour \u00e0 la presse.<\/p>\n\n\n\n<div data-wp-interactive=\"core\/file\" class=\"wp-block-file\"><object data-wp-bind--hidden=\"!state.hasPdfPreview\" hidden class=\"wp-block-file__embed\" data=\"https:\/\/snasub-fsu-grenoble.fr\/wp-content\/uploads\/2023\/11\/communique-unitaire-CCFP-du-14-novembre.pdf\" type=\"application\/pdf\" style=\"width:100%;height:600px\" aria-label=\"Contenu embarqu\u00e9 communique-unitaire-CCFP-du-14-novembre.\"><\/object><a id=\"wp-block-file--media-d89a8d10-2527-4a23-9502-9d137bf6ac1c\" href=\"https:\/\/snasub-fsu-grenoble.fr\/wp-content\/uploads\/2023\/11\/communique-unitaire-CCFP-du-14-novembre.pdf\">communique-unitaire-CCFP-du-14-novembre<\/a><a href=\"https:\/\/snasub-fsu-grenoble.fr\/wp-content\/uploads\/2023\/11\/communique-unitaire-CCFP-du-14-novembre.pdf\" class=\"wp-block-file__button wp-element-button\" download aria-describedby=\"wp-block-file--media-d89a8d10-2527-4a23-9502-9d137bf6ac1c\">T\u00e9l\u00e9charger<\/a><\/div>\n","protected":false},"excerpt":{"rendered":"<p>Le CCFP s&rsquo;est tenu ce matin, pr\u00e9sid\u00e9 par le ministre Gu\u00e9rini. A la demande de l&rsquo;ensemble des OS, pr\u00e9alablement \u00e0 la discussion de l&rsquo;ordre du jour, un \u00e9change sur la &hellip; <\/p>\n","protected":false},"author":1,"featured_media":0,"comment_status":"closed","ping_status":"open","sticky":false,"template":"","format":"standard","meta":{"footnotes":""},"categories":[92,235,82,157],"tags":[],"class_list":["post-7895","post","type-post","status-publish","format-standard","hentry","category-actualites","category-conseil-commun-de-la-fonction-publique","category-la-fsu","category-remuneration"],"_links":{"self":[{"href":"https:\/\/snasub-fsu-grenoble.fr\/index.php?rest_route=\/wp\/v2\/posts\/7895","targetHints":{"allow":["GET"]}}],"collection":[{"href":"https:\/\/snasub-fsu-grenoble.fr\/index.php?rest_route=\/wp\/v2\/posts"}],"about":[{"href":"https:\/\/snasub-fsu-grenoble.fr\/index.php?rest_route=\/wp\/v2\/types\/post"}],"author":[{"embeddable":true,"href":"https:\/\/snasub-fsu-grenoble.fr\/index.php?rest_route=\/wp\/v2\/users\/1"}],"replies":[{"embeddable":true,"href":"https:\/\/snasub-fsu-grenoble.fr\/index.php?rest_route=%2Fwp%2Fv2%2Fcomments&post=7895"}],"version-history":[{"count":1,"href":"https:\/\/snasub-fsu-grenoble.fr\/index.php?rest_route=\/wp\/v2\/posts\/7895\/revisions"}],"predecessor-version":[{"id":7897,"href":"https:\/\/snasub-fsu-grenoble.fr\/index.php?rest_route=\/wp\/v2\/posts\/7895\/revisions\/7897"}],"wp:attachment":[{"href":"https:\/\/snasub-fsu-grenoble.fr\/index.php?rest_route=%2Fwp%2Fv2%2Fmedia&parent=7895"}],"wp:term":[{"taxonomy":"category","embeddable":true,"href":"https:\/\/snasub-fsu-grenoble.fr\/index.php?rest_route=%2Fwp%2Fv2%2Fcategories&post=7895"},{"taxonomy":"post_tag","embeddable":true,"href":"https:\/\/snasub-fsu-grenoble.fr\/index.php?rest_route=%2Fwp%2Fv2%2Ftags&post=7895"}],"curies":[{"name":"wp","href":"https:\/\/api.w.org\/{rel}","templated":true}]}}