{"id":8066,"date":"2023-12-19T17:06:36","date_gmt":"2023-12-19T16:06:36","guid":{"rendered":"https:\/\/snasub-fsu-grenoble.fr\/?p=8066"},"modified":"2024-11-21T15:30:51","modified_gmt":"2024-11-21T14:30:51","slug":"prime-exceptionnelle-de-pouvoir-dachat-laction-de-la-fsu-aupres-du-ministre-stanislas-guerini-porte-ses-fruits","status":"publish","type":"post","link":"https:\/\/snasub-fsu-grenoble.fr\/?p=8066","title":{"rendered":"Prime exceptionnelle de pouvoir d&rsquo;achat : l&rsquo;action de la FSU aupr\u00e8s du ministre Stanislas Gu\u00e9rini porte ses fruits !"},"content":{"rendered":"\n<p>Cher-es coll\u00e8gues,<\/p>\n\n\n\n<p>Le ministre de la Transformation publique Stanislas Gu\u00e9rini n&rsquo;ayant pas r\u00e9pondu favorablement, dans un premier temps, \u00e0 l&rsquo; intervention de la FSU pour d\u00e9fendre les conditions de vie des personnels pour qui la prime de pouvoir d&rsquo;achat exceptionnelle (PEPA) fait perdre des aides et allocations sociales, elle est de nouveau intervenue dans la plus haute instance de dialogue sociale de la fonction publique pour ne rien l\u00e2cher de la d\u00e9fense des int\u00e9r\u00eats des coll\u00e8gues. <\/p>\n\n\n\n<p>Les \u00e9changes de courrier sont ici (premier courrier de la FSU, r\u00e9ponse du ministre, deuxi\u00e8me courrier de la FSU):&nbsp;<a href=\"https:\/\/fsu.fr\/courrier-de-la-fsu-a-stanislas-guerini-sur-la-prime-exceptionnelle-de-pouvoir-dachat\/\" target=\"_blank\" rel=\"noreferrer noopener\">https:\/\/fsu.fr\/courrier-de-la-fsu-a-stanislas-guerini-sur-la-prime-exceptionnelle-de-pouvoir-dachat\/<\/a><\/p>\n\n\n\n<p>Le Ministre Gu\u00e9rini a alors reconnu qu&rsquo;il y avait bien un probl\u00e8me et, en r\u00e9ponse \u00e0 la nouvelle interpellation de la FSU, s&rsquo;est finalement engag\u00e9 \u00e0 \u00ab\u00a0\u00e9changer\u00a0\u00bb avec la Caisse nationale des Allocations familiales pour voir comment les sommes per\u00e7ues au titre de la PEPA pourraient \u00eatre, d&rsquo;une mani\u00e8re ou d&rsquo;une autre, \u00ab\u00a0neutralis\u00e9es\u00a0\u00bb dans la d\u00e9claration trimestrielle . <\/p>\n\n\n\n<p>C&rsquo;est d\u00e9j\u00e0 un premier pas et, s&rsquo;il est suivi d&rsquo;effet, il permettra aux coll\u00e8gues n&rsquo;ayant pas encore fait leurs d\u00e9clarations trimestrielles de ne pas d\u00e9clarer les montants de PPAE, et pour les autres de faire une d\u00e9claration corrective.<\/p>\n\n\n\n<p>Nous invitons donc les coll\u00e8gues \u00e0 continuer \u00e0 faire remonter aux syndicats de la FSU leur situation en nous contactant ici : <a href=\"mailto:snasub.fsu38@wanadoo.fr\">snasub.fsu.grenoble@snasub.fr<\/a><\/p>\n\n\n\n<p>La FSU et ses syndicats vous informeront des suites que le ministre donnera \u00e0 son engagement oral pour que chacun-e puisse demander que sa situation soit r\u00e9\u00e9valu\u00e9e. Plus nous aurons connaissance de dossiers pr\u00e9cis, plus la poursuite de notre intervention sera efficace : la FSU entend bien continuer \u00e0 mettre la pression pour que les conditions de vie de toute et tous ne soient pas davantage d\u00e9grad\u00e9es.<\/p>\n","protected":false},"excerpt":{"rendered":"<p>Cher-es coll\u00e8gues, Le ministre de la Transformation publique Stanislas Gu\u00e9rini n&rsquo;ayant pas r\u00e9pondu favorablement, dans un premier temps, \u00e0 l&rsquo; intervention de la FSU pour d\u00e9fendre les conditions de vie &hellip; <\/p>\n","protected":false},"author":1,"featured_media":0,"comment_status":"closed","ping_status":"open","sticky":false,"template":"","format":"standard","meta":{"footnotes":""},"categories":[74,83,82],"tags":[],"class_list":["post-8066","post","type-post","status-publish","format-standard","hentry","category-carriere-professionnelle-et-remuneration-des-personnels","category-communiques","category-la-fsu"],"_links":{"self":[{"href":"https:\/\/snasub-fsu-grenoble.fr\/index.php?rest_route=\/wp\/v2\/posts\/8066","targetHints":{"allow":["GET"]}}],"collection":[{"href":"https:\/\/snasub-fsu-grenoble.fr\/index.php?rest_route=\/wp\/v2\/posts"}],"about":[{"href":"https:\/\/snasub-fsu-grenoble.fr\/index.php?rest_route=\/wp\/v2\/types\/post"}],"author":[{"embeddable":true,"href":"https:\/\/snasub-fsu-grenoble.fr\/index.php?rest_route=\/wp\/v2\/users\/1"}],"replies":[{"embeddable":true,"href":"https:\/\/snasub-fsu-grenoble.fr\/index.php?rest_route=%2Fwp%2Fv2%2Fcomments&post=8066"}],"version-history":[{"count":2,"href":"https:\/\/snasub-fsu-grenoble.fr\/index.php?rest_route=\/wp\/v2\/posts\/8066\/revisions"}],"predecessor-version":[{"id":8179,"href":"https:\/\/snasub-fsu-grenoble.fr\/index.php?rest_route=\/wp\/v2\/posts\/8066\/revisions\/8179"}],"wp:attachment":[{"href":"https:\/\/snasub-fsu-grenoble.fr\/index.php?rest_route=%2Fwp%2Fv2%2Fmedia&parent=8066"}],"wp:term":[{"taxonomy":"category","embeddable":true,"href":"https:\/\/snasub-fsu-grenoble.fr\/index.php?rest_route=%2Fwp%2Fv2%2Fcategories&post=8066"},{"taxonomy":"post_tag","embeddable":true,"href":"https:\/\/snasub-fsu-grenoble.fr\/index.php?rest_route=%2Fwp%2Fv2%2Ftags&post=8066"}],"curies":[{"name":"wp","href":"https:\/\/api.w.org\/{rel}","templated":true}]}}