{"id":8185,"date":"2024-03-04T09:53:16","date_gmt":"2024-03-04T08:53:16","guid":{"rendered":"https:\/\/snasub-fsu-grenoble.fr\/?p=8185"},"modified":"2024-03-04T09:53:17","modified_gmt":"2024-03-04T08:53:17","slug":"budget-le-gouvernement-contre-le-pays","status":"publish","type":"post","link":"https:\/\/snasub-fsu-grenoble.fr\/?p=8185","title":{"rendered":"Budget : le gouvernement contre le pays !"},"content":{"rendered":"\n<p>Le minist\u00e8re charg\u00e9 des Finances a publi\u00e9 ce matin un d\u00e9cret portant annulation pour un montant de 10 milliards d&rsquo;euros de cr\u00e9dits publics pourtant pr\u00e9vus par une loi de Finances adopt\u00e9e \u00e0 grands coups de 49-3. Ceci confirme une fois encore le renoncement de ce gouvernement \u00e0 faire face aux crises sociales et environnementales.<\/p>\n\n\n\n<p>Le gouvernement avoue avoir tabl\u00e9 sur une pr\u00e9vision de croissance qu&rsquo;il a largement surestim\u00e9e&nbsp;! Cette volte-face r\u00e9v\u00e8le encore davantage la r\u00e9alit\u00e9 crue de l&rsquo;aust\u00e9rit\u00e9 budg\u00e9taire d\u00e9lib\u00e9r\u00e9ment choisie et partiellement masqu\u00e9e un temps derri\u00e8re cette pr\u00e9vision hasardeuse.<\/p>\n\n\n\n<p>Alors que les investissements massifs n\u00e9cessaires n&rsquo;\u00e9taient d\u00e9j\u00e0 pas programm\u00e9s par la Loi de finances, le pays peut-il se passer de 2,2 milliards d&rsquo;euros pour l&rsquo;environnement, de 700 millions pour la coh\u00e9sion des territoires (dont 300 millions d&rsquo;aides au logement et 358 pour l&rsquo;am\u00e9lioration de l&rsquo;habitat)&nbsp; et d&rsquo;un milliard en moins pour le travail et l&#8217;emploi&nbsp;?<\/p>\n\n\n\n<p>L&rsquo;enseignement sup\u00e9rieur en difficult\u00e9 budg\u00e9taire r\u00e9currente se voit retirer 900 millions (dont l&rsquo;essentiel \u00e9tait destin\u00e9 \u00e0 la Recherche). 582 millions d&rsquo;euros sont soustraits \u00e0 l&rsquo;Ecole publique dont pr\u00e8s des deux tiers auraient d\u00fb servir \u00e0 r\u00e9mun\u00e9rer des personnels d&rsquo;enseignement, d\u2019\u00c9ducation et d&rsquo;accompagnement des \u00e9l\u00e8ves.<\/p>\n\n\n\n<p>Cette saign\u00e9e confirme les orientations antisociales et climaticides de ce gouvernement. Il a choisi depuis 2017 de priver l&rsquo;\u00c9tat de financements par des cadeaux aux plus grandes entreprises et aux privil\u00e9gi\u00e9s. Aujourd&rsquo;hui il pr\u00e9sente la facture au peuple&nbsp;: toujours moins d&rsquo;\u00e9cole, toujours moins de services publics, moins de sant\u00e9, moins de politiques sociales.<\/p>\n\n\n\n<p>&nbsp;Face aux crises sociales et environnementales, l&rsquo;heure n&rsquo;est pourtant ni \u00e0 la r\u00e9duction de la d\u00e9pense publique ni au renoncement \u00e0 des ressources l\u00e9gitimes pour l&rsquo;\u00c9tat et la soci\u00e9t\u00e9. Il faut r\u00e9tablir ces revenus fiscaux abandonn\u00e9s aux grandes entreprises et aux ultra-riches.<\/p>\n\n\n\n<p>Ces coupes vont aussi affecter toujours plus les conditions de travail et de r\u00e9mun\u00e9ration des personnels de la fonction publique et leur capacit\u00e9 \u00e0 exercer leurs missions d&rsquo;int\u00e9r\u00eat g\u00e9n\u00e9ral au service des usagers. Pour les salaires et les conditions de travail et contre la r\u00e9mun\u00e9ration au &nbsp;&nbsp; \u00ab m\u00e9rite \u00bb, la FSU avec l&rsquo;intersyndicale Fonction publique appelle r\u00e9solument \u00e0 la gr\u00e8ve le mardi 19 mars.<\/p>\n\n\n\n<p class=\"has-text-align-right\">Bagnolet, le 22 f\u00e9vrier 2024<\/p>\n\n\n\n<div data-wp-interactive=\"core\/file\" class=\"wp-block-file\"><object data-wp-bind--hidden=\"!state.hasPdfPreview\" hidden class=\"wp-block-file__embed\" data=\"https:\/\/snasub-fsu-grenoble.fr\/wp-content\/uploads\/2024\/03\/communiqueFSUannualtiondecreditsfevrier2024.pdf\" type=\"application\/pdf\" style=\"width:100%;height:600px\" aria-label=\"Contenu embarqu\u00e9 communiqueFSUannualtiondecreditsfevrier2024.\"><\/object><a id=\"wp-block-file--media-ed6d5bdf-9efa-42ec-b5f2-93ea72fa4c59\" href=\"https:\/\/snasub-fsu-grenoble.fr\/wp-content\/uploads\/2024\/03\/communiqueFSUannualtiondecreditsfevrier2024.pdf\">communiqueFSUannualtiondecreditsfevrier2024<\/a><a href=\"https:\/\/snasub-fsu-grenoble.fr\/wp-content\/uploads\/2024\/03\/communiqueFSUannualtiondecreditsfevrier2024.pdf\" class=\"wp-block-file__button wp-element-button\" download aria-describedby=\"wp-block-file--media-ed6d5bdf-9efa-42ec-b5f2-93ea72fa4c59\">T\u00e9l\u00e9charger<\/a><\/div>\n\n\n\n<p><\/p>\n","protected":false},"excerpt":{"rendered":"<p>Le minist\u00e8re charg\u00e9 des Finances a publi\u00e9 ce matin un d\u00e9cret portant annulation pour un montant de 10 milliards d&rsquo;euros de cr\u00e9dits publics pourtant pr\u00e9vus par une loi de Finances &hellip; <\/p>\n","protected":false},"author":1,"featured_media":0,"comment_status":"closed","ping_status":"open","sticky":false,"template":"","format":"standard","meta":{"footnotes":""},"categories":[92,83,82],"tags":[],"class_list":["post-8185","post","type-post","status-publish","format-standard","hentry","category-actualites","category-communiques","category-la-fsu"],"_links":{"self":[{"href":"https:\/\/snasub-fsu-grenoble.fr\/index.php?rest_route=\/wp\/v2\/posts\/8185","targetHints":{"allow":["GET"]}}],"collection":[{"href":"https:\/\/snasub-fsu-grenoble.fr\/index.php?rest_route=\/wp\/v2\/posts"}],"about":[{"href":"https:\/\/snasub-fsu-grenoble.fr\/index.php?rest_route=\/wp\/v2\/types\/post"}],"author":[{"embeddable":true,"href":"https:\/\/snasub-fsu-grenoble.fr\/index.php?rest_route=\/wp\/v2\/users\/1"}],"replies":[{"embeddable":true,"href":"https:\/\/snasub-fsu-grenoble.fr\/index.php?rest_route=%2Fwp%2Fv2%2Fcomments&post=8185"}],"version-history":[{"count":1,"href":"https:\/\/snasub-fsu-grenoble.fr\/index.php?rest_route=\/wp\/v2\/posts\/8185\/revisions"}],"predecessor-version":[{"id":8187,"href":"https:\/\/snasub-fsu-grenoble.fr\/index.php?rest_route=\/wp\/v2\/posts\/8185\/revisions\/8187"}],"wp:attachment":[{"href":"https:\/\/snasub-fsu-grenoble.fr\/index.php?rest_route=%2Fwp%2Fv2%2Fmedia&parent=8185"}],"wp:term":[{"taxonomy":"category","embeddable":true,"href":"https:\/\/snasub-fsu-grenoble.fr\/index.php?rest_route=%2Fwp%2Fv2%2Fcategories&post=8185"},{"taxonomy":"post_tag","embeddable":true,"href":"https:\/\/snasub-fsu-grenoble.fr\/index.php?rest_route=%2Fwp%2Fv2%2Ftags&post=8185"}],"curies":[{"name":"wp","href":"https:\/\/api.w.org\/{rel}","templated":true}]}}