{"id":8215,"date":"2024-04-04T12:02:48","date_gmt":"2024-04-04T10:02:48","guid":{"rendered":"https:\/\/snasub-fsu-grenoble.fr\/?p=8215"},"modified":"2024-11-21T14:58:17","modified_gmt":"2024-11-21T13:58:17","slug":"mutations-inter-academique","status":"publish","type":"post","link":"https:\/\/snasub-fsu-grenoble.fr\/?p=8215","title":{"rendered":"Mutations inter-acad\u00e9mique"},"content":{"rendered":"\n<h3 class=\"wp-block-heading has-text-align-center has-vivid-red-color has-text-color has-medium-font-size\"><strong><mark style=\"background-color:rgba(0, 0, 0, 0)\" class=\"has-inline-color has-vivid-red-color\">Saisie des v\u0153ux du 2 avril au 19 avril 2024<br>\u00c9dition des confirmations de demande de mutation : du 20 avril au 2 mai 2024<\/mark><\/strong><\/h3>\n\n\n\n<p class=\"has-small-font-size\"><em>Mise \u00e0 jour le 16\/04\/2024<\/em><\/p>\n\n\n\n<h5 class=\"wp-block-heading has-black-color has-text-color\"><mark style=\"background-color:rgba(0, 0, 0, 0)\" class=\"has-inline-color has-vivid-green-cyan-color\"><strong>Cat\u00e9gorie C :<\/strong><\/mark><\/h5>\n\n\n\n<ul class=\"wp-block-list\">\n<li>liste des postes fl\u00e9ch\u00e9s : <a href=\"http:\/\/snasub-fsu-grenoble.fr\/wp-content\/uploads\/2024\/04\/Postes-C-07-R2024.pdf\" target=\"_blank\" rel=\"noreferrer noopener\">Ard\u00e8che <\/a>&#8211; <a href=\"http:\/\/snasub-fsu-grenoble.fr\/wp-content\/uploads\/2024\/04\/Postes-C-26-R2024.pdf\" target=\"_blank\" rel=\"noreferrer noopener\">Dr\u00f4me<\/a> &#8211; <a href=\"http:\/\/snasub-fsu-grenoble.fr\/wp-content\/uploads\/2024\/04\/Postes-C-74-R2024.pdf\" target=\"_blank\" rel=\"noreferrer noopener\">Haute-Savoie<\/a> &#8211; <a href=\"http:\/\/snasub-fsu-grenoble.fr\/wp-content\/uploads\/2024\/04\/Postes-C-38-R2024.pdf\" target=\"_blank\" rel=\"noreferrer noopener\">Is\u00e8re<\/a> &#8211; <a href=\"http:\/\/snasub-fsu-grenoble.fr\/wp-content\/uploads\/2024\/04\/Postes-C-73-R2024.pdf\" target=\"_blank\" rel=\"noreferrer noopener\">Savoie<\/a><\/li>\n\n\n\n<li>Pas de poste profil\u00e9 en C<\/li>\n<\/ul>\n\n\n\n<div class=\"wp-block-group\"><div class=\"wp-block-group__inner-container is-layout-flow wp-block-group-is-layout-flow\">\n<h5 class=\"wp-block-heading has-black-color has-text-color\"><strong><mark style=\"background-color:rgba(0, 0, 0, 0)\" class=\"has-inline-color has-vivid-green-cyan-color\">Cat\u00e9gorie B :<\/mark><\/strong><\/h5>\n<\/div><\/div>\n\n\n\n<div class=\"wp-block-group\"><div class=\"wp-block-group__inner-container is-layout-flow wp-block-group-is-layout-flow\">\n<div class=\"wp-block-group\"><div class=\"wp-block-group__inner-container is-layout-flow wp-block-group-is-layout-flow\">\n<ul class=\"wp-block-list\">\n<li>Liste des postes fl\u00e9ch\u00e9s : <a href=\"http:\/\/snasub-fsu-grenoble.fr\/wp-content\/uploads\/2024\/04\/Postes-B-07-R2024.pdf\" target=\"_blank\" rel=\"noreferrer noopener\">Ard\u00e8che<\/a> &#8211; <a href=\"http:\/\/snasub-fsu-grenoble.fr\/wp-content\/uploads\/2024\/04\/Postes-B-mouv-2024-26-Drome.pdf\" target=\"_blank\" rel=\"noreferrer noopener\">Dr\u00f4me<\/a> &#8211; <a href=\"http:\/\/snasub-fsu-grenoble.fr\/wp-content\/uploads\/2024\/04\/Postes-B-mouv-2024-74-Haute-Savoie.pdf\" target=\"_blank\" rel=\"noreferrer noopener\">Haute-Savoie<\/a> &#8211; <a href=\"http:\/\/snasub-fsu-grenoble.fr\/wp-content\/uploads\/2024\/04\/Postes-B-mouv-2024-38-Isere.pdf\" target=\"_blank\" rel=\"noreferrer noopener\">Is\u00e8re<\/a> &#8211; <a href=\"http:\/\/snasub-fsu-grenoble.fr\/wp-content\/uploads\/2024\/04\/Postes-B-mouv-2024-74-Savoie.pdf\" target=\"_blank\" rel=\"noreferrer noopener\">Savoie<\/a><\/li>\n\n\n\n<li>Liste des postes profil\u00e9s :\n<ul class=\"wp-block-list\">\n<li>Fiche de poste Ard\u00e8che &#8211; <a href=\"http:\/\/snasub-fsu-grenoble.fr\/wp-content\/uploads\/2024\/04\/Postes-B-profile-mouv-2024-07-Ardeche.pdf\" target=\"_blank\" rel=\"noreferrer noopener\">Lyc\u00e9e Astier<\/a> : adjoint au SG (= gestionnaire)<\/li>\n\n\n\n<li>Fiche de poste Is\u00e8re &#8211; <a href=\"http:\/\/snasub-fsu-grenoble.fr\/wp-content\/uploads\/2024\/04\/Postes-B-profile-mouv-2024-38-Isere.pdf\" data-type=\"URL\" data-id=\"http:\/\/snasub-fsu-grenoble.fr\/wp-content\/uploads\/2022\/05\/Assistante_administratifve_DSDEN_de_lIsere.pdf\" target=\"_blank\" rel=\"noreferrer noopener\">DSDEN 38<\/a> : secr\u00e9tariat du cabinet de la SG<\/li>\n<\/ul>\n<\/li>\n<\/ul>\n<\/div><\/div>\n<\/div><\/div>\n\n\n\n<h5 class=\"wp-block-heading has-black-color has-text-color\"><strong><mark style=\"background-color:rgba(0, 0, 0, 0)\" class=\"has-inline-color has-vivid-green-cyan-color\">Cat\u00e9gorie A :<\/mark><\/strong><\/h5>\n\n\n\n<ul class=\"wp-block-list\">\n<li>liste des postes fl\u00e9ch\u00e9s : <a href=\"http:\/\/snasub-fsu-grenoble.fr\/wp-content\/uploads\/2024\/04\/Mouvement-R24-Postes-fleches.pdf\" target=\"_blank\" rel=\"noreferrer noopener\">tous d\u00e9partements<\/a><\/li>\n\n\n\n<li>liste des postes profil\u00e9s : \n<ul class=\"wp-block-list\">\n<li><a href=\"http:\/\/snasub-fsu-grenoble.fr\/wp-content\/uploads\/2024\/04\/Mouvement-R24-Poste-profile-26-Catalins.pdf\" target=\"_blank\" rel=\"noreferrer noopener\">Dr\u00f4me LPO Catalins Mont\u00e9limar<\/a><\/li>\n\n\n\n<li><a href=\"http:\/\/snasub-fsu-grenoble.fr\/wp-content\/uploads\/2024\/04\/Mouvement-R24-Poste-profile-38-Rectorat-SIAJ.pdf.pdf\" target=\"_blank\" rel=\"noreferrer noopener\">Is\u00e8re Rectorat SIAJ Grenoble<\/a><\/li>\n\n\n\n<li><a href=\"http:\/\/snasub-fsu-grenoble.fr\/wp-content\/uploads\/2024\/04\/Mouvement-R24-Poste-profile-38-DSDEN-SDJES.pdf.pdf\" target=\"_blank\" rel=\"noreferrer noopener\">Is\u00e8re DSDEN SDJES Grenoble<\/a><\/li>\n\n\n\n<li><a href=\"http:\/\/snasub-fsu-grenoble.fr\/wp-content\/uploads\/2024\/04\/Mouvement-R24-Poste-profile-38-CLG-R-Valland.pdf\" target=\"_blank\" rel=\"noreferrer noopener\">Is\u00e8re gestionnaire CLG Rose Valland St Etienne de St G.<\/a><\/li>\n\n\n\n<li><a href=\"http:\/\/snasub-fsu-grenoble.fr\/wp-content\/uploads\/2024\/04\/Mouvement-R24-Poste-profile-38-CLG-A.-Frank.pdf.pdf\" target=\"_blank\" rel=\"noreferrer noopener\">Is\u00e8re gestionnaire CLG Anne Frank La Verpilli\u00e8re<\/a><\/li>\n<\/ul>\n<\/li>\n<\/ul>\n\n\n\n<p><\/p>\n\n\n\n<p class=\"has-text-align-center has-medium-font-size\"><strong>N&rsquo;h\u00e9sitez pas \u00e0 <a href=\"http:\/\/@snasub.fsu.grenoble@snasub.fr\" data-type=\"URL\" data-id=\"http:\/\/snasub-fsu-grenoble.fr\/?p=2737\" target=\"_blank\" rel=\"noreferrer noopener\">nous contacter<\/a> pour le suivi de votre demande de mutation !<\/strong><\/p>\n\n\n\n<p><\/p>\n","protected":false},"excerpt":{"rendered":"<p>Saisie des v\u0153ux du 2 avril au 19 avril 2024\u00c9dition des confirmations de demande de mutation : du 20 avril au 2 mai 2024 Mise \u00e0 jour le 16\/04\/2024 Cat\u00e9gorie &hellip; <\/p>\n","protected":false},"author":1,"featured_media":0,"comment_status":"closed","ping_status":"open","sticky":false,"template":"","format":"standard","meta":{"footnotes":""},"categories":[92,65,123],"tags":[],"class_list":["post-8215","post","type-post","status-publish","format-standard","hentry","category-actualites","category-mutations","category-secteurs"],"_links":{"self":[{"href":"https:\/\/snasub-fsu-grenoble.fr\/index.php?rest_route=\/wp\/v2\/posts\/8215","targetHints":{"allow":["GET"]}}],"collection":[{"href":"https:\/\/snasub-fsu-grenoble.fr\/index.php?rest_route=\/wp\/v2\/posts"}],"about":[{"href":"https:\/\/snasub-fsu-grenoble.fr\/index.php?rest_route=\/wp\/v2\/types\/post"}],"author":[{"embeddable":true,"href":"https:\/\/snasub-fsu-grenoble.fr\/index.php?rest_route=\/wp\/v2\/users\/1"}],"replies":[{"embeddable":true,"href":"https:\/\/snasub-fsu-grenoble.fr\/index.php?rest_route=%2Fwp%2Fv2%2Fcomments&post=8215"}],"version-history":[{"count":11,"href":"https:\/\/snasub-fsu-grenoble.fr\/index.php?rest_route=\/wp\/v2\/posts\/8215\/revisions"}],"predecessor-version":[{"id":8270,"href":"https:\/\/snasub-fsu-grenoble.fr\/index.php?rest_route=\/wp\/v2\/posts\/8215\/revisions\/8270"}],"wp:attachment":[{"href":"https:\/\/snasub-fsu-grenoble.fr\/index.php?rest_route=%2Fwp%2Fv2%2Fmedia&parent=8215"}],"wp:term":[{"taxonomy":"category","embeddable":true,"href":"https:\/\/snasub-fsu-grenoble.fr\/index.php?rest_route=%2Fwp%2Fv2%2Fcategories&post=8215"},{"taxonomy":"post_tag","embeddable":true,"href":"https:\/\/snasub-fsu-grenoble.fr\/index.php?rest_route=%2Fwp%2Fv2%2Ftags&post=8215"}],"curies":[{"name":"wp","href":"https:\/\/api.w.org\/{rel}","templated":true}]}}