{"id":8510,"date":"2025-05-10T14:57:44","date_gmt":"2025-05-10T12:57:44","guid":{"rendered":"https:\/\/snasub-fsu-grenoble.fr\/?p=8510"},"modified":"2025-09-03T15:34:29","modified_gmt":"2025-09-03T13:34:29","slug":"mardi-13-mai-greve-fonction-publique-les-rendez-vous-des-manifestations-dans-lacademie","status":"publish","type":"post","link":"https:\/\/snasub-fsu-grenoble.fr\/?p=8510","title":{"rendered":"Mardi 13 mai : Gr\u00e8ve Fonction Publique &#8211; Les rendez-vous des manifestations dans l&rsquo;acad\u00e9mie"},"content":{"rendered":"\n<p class=\"has-vivid-red-color has-text-color has-link-color wp-elements-0b46145892bdfad8daf816ac23a43e19\"><strong>ISERE :<\/strong><\/p>\n\n\n\n<p>Grenoble &#8211; 10h00 Place Victor Hugo<\/p>\n\n\n\n<p class=\"has-vivid-green-cyan-color has-text-color has-link-color wp-elements-866fdfc1a70143949880164d1aaea812\"><strong>DROME : <\/strong><\/p>\n\n\n\n<p>Valence &#8211; 14h00 \u00e0 la Gare<\/p>\n\n\n\n<p class=\"has-vivid-cyan-blue-color has-text-color has-link-color wp-elements-65af477390f2c5a0cfcbfdb305203f45\"><strong>ARDECHE :<\/strong><\/p>\n\n\n\n<p>Privas &#8211; 11h00 Pr\u00e9fecture<\/p>\n\n\n\n<p class=\"has-luminous-vivid-amber-color has-text-color has-link-color wp-elements-35d2d13da95c968bf6990635fb5e9bd3\"><strong>SAVOIE :<\/strong><\/p>\n\n\n\n<p>Chamb\u00e9ry &#8211; 17h00 Place Caffe devant la pr\u00e9fecture<\/p>\n\n\n\n<p class=\"has-vivid-purple-color has-text-color has-link-color wp-elements-6f09853785828e3a59f42b418637a5b0\"><strong>HAUTE-SAVOIE :<\/strong><\/p>\n\n\n\n<p>Annecy &#8211; 14h00 Pr\u00e9fecture<\/p>\n\n\n\n<div data-wp-interactive=\"core\/file\" class=\"wp-block-file\"><object data-wp-bind--hidden=\"!state.hasPdfPreview\" hidden class=\"wp-block-file__embed\" data=\"https:\/\/snasub-fsu-grenoble.fr\/wp-content\/uploads\/2025\/05\/tract-appel-FP-13-mai-2025-vdef-1.pdf\" type=\"application\/pdf\" style=\"width:100%;height:600px\" aria-label=\"Contenu embarqu\u00e9 tract appel FP 13 mai 2025 vdef.\"><\/object><a id=\"wp-block-file--media-67bfbeea-b9c6-4c47-b067-36ed530839e8\" href=\"https:\/\/snasub-fsu-grenoble.fr\/wp-content\/uploads\/2025\/05\/tract-appel-FP-13-mai-2025-vdef-1.pdf\">tract appel FP 13 mai 2025 vdef<\/a><a href=\"https:\/\/snasub-fsu-grenoble.fr\/wp-content\/uploads\/2025\/05\/tract-appel-FP-13-mai-2025-vdef-1.pdf\" class=\"wp-block-file__button wp-element-button\" download aria-describedby=\"wp-block-file--media-67bfbeea-b9c6-4c47-b067-36ed530839e8\">T\u00e9l\u00e9charger<\/a><\/div>\n","protected":false},"excerpt":{"rendered":"<p>ISERE : Grenoble &#8211; 10h00 Place Victor Hugo DROME : Valence &#8211; 14h00 \u00e0 la Gare ARDECHE : Privas &#8211; 11h00 Pr\u00e9fecture SAVOIE : Chamb\u00e9ry &#8211; 17h00 Place Caffe devant &hellip; <\/p>\n","protected":false},"author":1,"featured_media":0,"comment_status":"closed","ping_status":"open","sticky":false,"template":"","format":"standard","meta":{"footnotes":""},"categories":[92,91],"tags":[],"class_list":["post-8510","post","type-post","status-publish","format-standard","hentry","category-actualites","category-mobilisations-manifestations"],"_links":{"self":[{"href":"https:\/\/snasub-fsu-grenoble.fr\/index.php?rest_route=\/wp\/v2\/posts\/8510","targetHints":{"allow":["GET"]}}],"collection":[{"href":"https:\/\/snasub-fsu-grenoble.fr\/index.php?rest_route=\/wp\/v2\/posts"}],"about":[{"href":"https:\/\/snasub-fsu-grenoble.fr\/index.php?rest_route=\/wp\/v2\/types\/post"}],"author":[{"embeddable":true,"href":"https:\/\/snasub-fsu-grenoble.fr\/index.php?rest_route=\/wp\/v2\/users\/1"}],"replies":[{"embeddable":true,"href":"https:\/\/snasub-fsu-grenoble.fr\/index.php?rest_route=%2Fwp%2Fv2%2Fcomments&post=8510"}],"version-history":[{"count":3,"href":"https:\/\/snasub-fsu-grenoble.fr\/index.php?rest_route=\/wp\/v2\/posts\/8510\/revisions"}],"predecessor-version":[{"id":8514,"href":"https:\/\/snasub-fsu-grenoble.fr\/index.php?rest_route=\/wp\/v2\/posts\/8510\/revisions\/8514"}],"wp:attachment":[{"href":"https:\/\/snasub-fsu-grenoble.fr\/index.php?rest_route=%2Fwp%2Fv2%2Fmedia&parent=8510"}],"wp:term":[{"taxonomy":"category","embeddable":true,"href":"https:\/\/snasub-fsu-grenoble.fr\/index.php?rest_route=%2Fwp%2Fv2%2Fcategories&post=8510"},{"taxonomy":"post_tag","embeddable":true,"href":"https:\/\/snasub-fsu-grenoble.fr\/index.php?rest_route=%2Fwp%2Fv2%2Ftags&post=8510"}],"curies":[{"name":"wp","href":"https:\/\/api.w.org\/{rel}","templated":true}]}}